{"id":44655,"date":"2024-02-05T17:47:24","date_gmt":"2024-02-05T20:47:24","guid":{"rendered":"https:\/\/sindenfermeiro.com.br\/?p=44655"},"modified":"2026-04-26T12:59:34","modified_gmt":"2026-04-26T15:59:34","slug":"sindenfermeiro-participa-de-audiencia-na-cldf-sobre-epidemia-de-dengue","status":"publish","type":"post","link":"https:\/\/sindenfermeiro.com.br\/index.php\/2024\/02\/05\/sindenfermeiro-participa-de-audiencia-na-cldf-sobre-epidemia-de-dengue\/","title":{"rendered":"SindEnfermeiro participa de audi\u00eancia na CLDF sobre epidemia de dengue"},"content":{"rendered":"<div id=\"attachment_44658\" style=\"width: 558px\" class=\"wp-caption aligncenter\"><img loading=\"lazy\" decoding=\"async\" aria-describedby=\"caption-attachment-44658\" class=\"wp-image-44658\" src=\"https:\/\/sindenfermeiro.com.br\/wp-content\/uploads\/2024\/02\/IMG-20240205-WA0103-scaled.jpg\" alt=\"\" width=\"548\" height=\"412\" srcset=\"https:\/\/sindenfermeiro.com.br\/wp-content\/uploads\/2024\/02\/IMG-20240205-WA0103-scaled.jpg 2560w, https:\/\/sindenfermeiro.com.br\/wp-content\/uploads\/2024\/02\/IMG-20240205-WA0103-300x225.jpg 300w, https:\/\/sindenfermeiro.com.br\/wp-content\/uploads\/2024\/02\/IMG-20240205-WA0103-1024x769.jpg 1024w, https:\/\/sindenfermeiro.com.br\/wp-content\/uploads\/2024\/02\/IMG-20240205-WA0103-768x577.jpg 768w, https:\/\/sindenfermeiro.com.br\/wp-content\/uploads\/2024\/02\/IMG-20240205-WA0103-1536x1153.jpg 1536w, https:\/\/sindenfermeiro.com.br\/wp-content\/uploads\/2024\/02\/IMG-20240205-WA0103-2048x1537.jpg 2048w\" sizes=\"auto, (max-width: 548px) 100vw, 548px\" \/><p id=\"caption-attachment-44658\" class=\"wp-caption-text\">Fotos: Pedro Vin\u00edcius\/ASCOM SindEnfermeiro<\/p><\/div>\n<p>Na tarde de hoje (05), o SindEnfermeiro-DF esteve na C\u00e2mara Legislativa para participar de reuni\u00e3o p\u00fablica sobre a epidemia de dengue que vem afetando o Distrito Federal &#8211; representado pelo presidente da entidade, Jorge Henrique.<\/p>\n<p>O encontro foi promovido pelo distrital Gabriel Magno (PT), e contou com a participa\u00e7\u00e3o de representantes do governo, sindicatos, al\u00e9m de representantes dos aprovados em concursos anteriores da Secretaria de Sa\u00fade &#8211; em protesto pela nomea\u00e7\u00e3o de mais servidores para a pasta.<\/p>\n<p><strong>Falta de investimentos na APS fortalece caos<\/strong><\/p>\n<p><img loading=\"lazy\" decoding=\"async\" class=\"aligncenter wp-image-44659 \" src=\"https:\/\/sindenfermeiro.com.br\/wp-content\/uploads\/2024\/02\/IMG-20240205-WA0101-scaled.jpg\" alt=\"\" width=\"532\" height=\"399\" srcset=\"https:\/\/sindenfermeiro.com.br\/wp-content\/uploads\/2024\/02\/IMG-20240205-WA0101-scaled.jpg 2560w, https:\/\/sindenfermeiro.com.br\/wp-content\/uploads\/2024\/02\/IMG-20240205-WA0101-300x225.jpg 300w, https:\/\/sindenfermeiro.com.br\/wp-content\/uploads\/2024\/02\/IMG-20240205-WA0101-1024x769.jpg 1024w, https:\/\/sindenfermeiro.com.br\/wp-content\/uploads\/2024\/02\/IMG-20240205-WA0101-768x577.jpg 768w, https:\/\/sindenfermeiro.com.br\/wp-content\/uploads\/2024\/02\/IMG-20240205-WA0101-1536x1153.jpg 1536w, https:\/\/sindenfermeiro.com.br\/wp-content\/uploads\/2024\/02\/IMG-20240205-WA0101-2048x1537.jpg 2048w\" sizes=\"auto, (max-width: 532px) 100vw, 532px\" \/><\/p>\n<p>Em fala durante a reuni\u00e3o, Jorge ressaltou os repasses bilion\u00e1rios feitos pelo GDF para sustentar as atividades do IGESDF, e que sem um modelo de terceiriza\u00e7\u00e3o da sa\u00fade, poderiam estar sendo aplicados na APS.<\/p>\n<p>&#8220;Infelizmente, o governo tem priorizado um modelo de assist\u00eancia especializada atrav\u00e9s da gest\u00e3o terceirizada (do IGESDF), institucionalizando repasses de at\u00e9 1 bi por meio de lei or\u00e7ament\u00e1ria, enquanto a Aten\u00e7\u00e3o Prim\u00e1ria n\u00e3o vai ver um real de investimento nesse ano&#8221;, pontuou.<\/p>\n<p>Ainda de acordo com o presidente do SindEnfermeiro-DF, &#8220;com essas medidas, o governo sinaliza de quem \u00e9 a prioridade nesse momento de calamidade, e deixa claro que o objetivo \u00e9 manter e ampliar a terceiriza\u00e7\u00e3o da sa\u00fade enquanto h\u00e1 regi\u00f5es inteiras no DF com um vazio assistencial que supera os 40%&#8221;, completou.<\/p>\n<p><strong>Nomea\u00e7\u00e3o de aprovados<\/strong><\/p>\n<p>Jorge tamb\u00e9m avalia a necessidade de nomea\u00e7\u00e3o dos aprovados nos concursos da SES, em contrapartida ao modelo de car\u00e1ter emergencial que prev\u00ea a contrata\u00e7\u00e3o de trabalhadores tempor\u00e1rios &#8211; uma medida que, segundo ele, n\u00e3o resolve o problema da sa\u00fade e ainda gera um \u00f4nus financeiro.<\/p>\n<p>&#8220;Hoje, falando s\u00f3 dos enfermeiros, o d\u00e9ficit na rede ultrapassa 1,4 mil. Estamos h\u00e1 anos cobrando o GDF, n\u00e3o s\u00f3 nessa como nas gest\u00f5es anteriores, pela nomea\u00e7\u00e3o dos trabalhadores que hoje poderiam estar sendo fundamentais no combate \u00e0 epidemia. Mas o que n\u00f3s vimos foi mais um decreto de emerg\u00eancia que permite contrata\u00e7\u00f5es tempor\u00e1rias &#8211; o que n\u00e3o resolve os problemas na assist\u00eancia a longo prazo, e ainda gera um gasto que poderia estar sendo empregado em a\u00e7\u00f5es de sa\u00fade para a popula\u00e7\u00e3o&#8221;,\u00a0completou.<\/p>\n","protected":false},"excerpt":{"rendered":"<p>Na tarde de hoje (05), o SindEnfermeiro-DF esteve na C\u00e2mara Legislativa para participar de reuni\u00e3o p\u00fablica sobre a epidemia de dengue que vem afetando o Distrito Federal &#8211; representado pelo presidente da entidade, Jorge Henrique. O encontro foi promovido pelo distrital Gabriel Magno (PT), e contou com a participa\u00e7\u00e3o de representantes do governo, sindicatos, al\u00e9m [&hellip;]<\/p>\n","protected":false},"author":6,"featured_media":44658,"comment_status":"open","ping_status":"open","sticky":false,"template":"","format":"standard","meta":{"footnotes":""},"categories":[6,5],"tags":[342,34,313,35],"class_list":["post-44655","post","type-post","status-publish","format-standard","has-post-thumbnail","hentry","category-noticias","category-rede-publica","tag-audiencia-publica","tag-cldf","tag-igesdf","tag-nomeacoes"],"_links":{"self":[{"href":"https:\/\/sindenfermeiro.com.br\/index.php\/wp-json\/wp\/v2\/posts\/44655","targetHints":{"allow":["GET"]}}],"collection":[{"href":"https:\/\/sindenfermeiro.com.br\/index.php\/wp-json\/wp\/v2\/posts"}],"about":[{"href":"https:\/\/sindenfermeiro.com.br\/index.php\/wp-json\/wp\/v2\/types\/post"}],"author":[{"embeddable":true,"href":"https:\/\/sindenfermeiro.com.br\/index.php\/wp-json\/wp\/v2\/users\/6"}],"replies":[{"embeddable":true,"href":"https:\/\/sindenfermeiro.com.br\/index.php\/wp-json\/wp\/v2\/comments?post=44655"}],"version-history":[{"count":1,"href":"https:\/\/sindenfermeiro.com.br\/index.php\/wp-json\/wp\/v2\/posts\/44655\/revisions"}],"predecessor-version":[{"id":44661,"href":"https:\/\/sindenfermeiro.com.br\/index.php\/wp-json\/wp\/v2\/posts\/44655\/revisions\/44661"}],"wp:featuredmedia":[{"embeddable":true,"href":"https:\/\/sindenfermeiro.com.br\/index.php\/wp-json\/wp\/v2\/media\/44658"}],"wp:attachment":[{"href":"https:\/\/sindenfermeiro.com.br\/index.php\/wp-json\/wp\/v2\/media?parent=44655"}],"wp:term":[{"taxonomy":"category","embeddable":true,"href":"https:\/\/sindenfermeiro.com.br\/index.php\/wp-json\/wp\/v2\/categories?post=44655"},{"taxonomy":"post_tag","embeddable":true,"href":"https:\/\/sindenfermeiro.com.br\/index.php\/wp-json\/wp\/v2\/tags?post=44655"}],"curies":[{"name":"wp","href":"https:\/\/api.w.org\/{rel}","templated":true}]}}