{"id":44558,"date":"2024-01-19T11:57:32","date_gmt":"2024-01-19T14:57:32","guid":{"rendered":"https:\/\/sindenfermeiro.com.br\/?p=44558"},"modified":"2026-04-29T17:16:00","modified_gmt":"2026-04-29T20:16:00","slug":"rede-privada-em-assembleia-categoria-recusa-proposta-de-cct-da-sbh-df-que-rebaixa-valores-do-piso-salarial","status":"publish","type":"post","link":"https:\/\/sindenfermeiro.com.br\/index.php\/2024\/01\/19\/rede-privada-em-assembleia-categoria-recusa-proposta-de-cct-da-sbh-df-que-rebaixa-valores-do-piso-salarial\/","title":{"rendered":"REDE PRIVADA: Em assembleia, categoria recusa proposta de CCT da SBH-DF que rebaixa valores do Piso Salarial"},"content":{"rendered":"<p><img loading=\"lazy\" decoding=\"async\" class=\"aligncenter wp-image-44560 \" src=\"https:\/\/sindenfermeiro.com.br\/wp-content\/uploads\/2024\/01\/WhatsApp-Image-2024-01-19-at-11.54.56.jpeg\" alt=\"\" width=\"404\" height=\"505\" srcset=\"https:\/\/sindenfermeiro.com.br\/wp-content\/uploads\/2024\/01\/WhatsApp-Image-2024-01-19-at-11.54.56.jpeg 1080w, https:\/\/sindenfermeiro.com.br\/wp-content\/uploads\/2024\/01\/WhatsApp-Image-2024-01-19-at-11.54.56-240x300.jpeg 240w, https:\/\/sindenfermeiro.com.br\/wp-content\/uploads\/2024\/01\/WhatsApp-Image-2024-01-19-at-11.54.56-819x1024.jpeg 819w, https:\/\/sindenfermeiro.com.br\/wp-content\/uploads\/2024\/01\/WhatsApp-Image-2024-01-19-at-11.54.56-768x960.jpeg 768w\" sizes=\"auto, (max-width: 404px) 100vw, 404px\" \/><\/p>\n<p>Na tarde de ontem (18), o SindEnfermeiro-DF realizou assembleia online com os enfermeiros que atuam na rede privada de sa\u00fade do DF &#8211; com o objetivo de deliberar sobre a proposta feita pela SBH-DF para a Conven\u00e7\u00e3o Coletiva de Trabalho da categoria em 2024 &#8211; incluindo os termos para o pagamento do Piso Salarial.<\/p>\n<p>A assembleia contou com mais de 190 profissionais e foi conduzida pelo presidente do sindicato, Jorge Henrique, e as diretoras Ursula Nepomoceno e Nayara J\u00e9ssica.<\/p>\n<p>Por maioria dos votos (98 a 7), os presentes recusaram a proposta feita pelo sindicato patronal que na pr\u00e1tica, significava a redu\u00e7\u00e3o no valor pago pelo Piso Salarial &#8211; atrelando os valores \u00e0 remunera\u00e7\u00e3o global e obrigando a negocia\u00e7\u00e3o de uma nova conven\u00e7\u00e3o a partir de 1\u00ba de setembro deste ano.<\/p>\n<p>Tamb\u00e9m por maioria, com apenas um voto contr\u00e1rio, a categoria definiu que n\u00e3o vai retroceder nas negocia\u00e7\u00f5es e vai manter a \u00faltima proposta feita pelo sindicato &#8211; de pagamento parcelado em 50% a serem pagos no m\u00eas seguinte \u00e0 celebra\u00e7\u00e3o do acordo, e mais 50% divididos em 2 parcelas pagas a cada 6 meses.<\/p>\n<p><strong>Proposta \u00e9 desrespeito com luta dos enfermeiros<\/strong><\/p>\n<p>O presidente do SindEnfermeiro-DF, Jorge Henrique, avaliou a proposta como &#8220;um retrocesso e at\u00e9 mesmo um desrespeito com toda a luta travada pelos enfermeiros e demais profissionais da categoria pelo Piso Salarial&#8221;, j\u00e1 que &#8220;conseguiu ser uma proposta pior que as anteriores, tamb\u00e9m recusadas em assembleia&#8221;, afirmou.<\/p>\n<p>Ainda segundo Jorge, &#8220;essa proposta praticamente acabaria com qualquer perspectiva de receber o Piso&#8221;.<\/p>\n<p><strong>Sindicato consegue media\u00e7\u00e3o com SBH<\/strong><\/p>\n<p>Durante a assembleia, o SindEnfermeiro-DF recebeu resposta positiva da solicita\u00e7\u00e3o feita \u00e0 Delegacia Regional do Trabalho para que o \u00f3rg\u00e3o medie as negocia\u00e7\u00f5es entre sindicato e SBH-DF \u2013 com o objetivo de buscar um consenso para a implementa\u00e7\u00e3o do CCT e consequentemente do Piso. A primeira reuni\u00e3o de media\u00e7\u00e3o ser\u00e1 realizada no pr\u00f3ximo dia 31 de janeiro.<\/p>\n","protected":false},"excerpt":{"rendered":"<p>Na tarde de ontem (18), o SindEnfermeiro-DF realizou assembleia online com os enfermeiros que atuam na rede privada de sa\u00fade do DF &#8211; com o objetivo de deliberar sobre a proposta feita pela SBH-DF para a Conven\u00e7\u00e3o Coletiva de Trabalho da categoria em 2024 &#8211; incluindo os termos para o pagamento do Piso Salarial. A [&hellip;]<\/p>\n","protected":false},"author":6,"featured_media":44560,"comment_status":"open","ping_status":"open","sticky":false,"template":"","format":"standard","meta":{"footnotes":""},"categories":[6,13],"tags":[413,53,46],"class_list":["post-44558","post","type-post","status-publish","format-standard","has-post-thumbnail","hentry","category-noticias","category-rede-privada","tag-assembleia","tag-piso-salarial","tag-rede-privada"],"_links":{"self":[{"href":"https:\/\/sindenfermeiro.com.br\/index.php\/wp-json\/wp\/v2\/posts\/44558","targetHints":{"allow":["GET"]}}],"collection":[{"href":"https:\/\/sindenfermeiro.com.br\/index.php\/wp-json\/wp\/v2\/posts"}],"about":[{"href":"https:\/\/sindenfermeiro.com.br\/index.php\/wp-json\/wp\/v2\/types\/post"}],"author":[{"embeddable":true,"href":"https:\/\/sindenfermeiro.com.br\/index.php\/wp-json\/wp\/v2\/users\/6"}],"replies":[{"embeddable":true,"href":"https:\/\/sindenfermeiro.com.br\/index.php\/wp-json\/wp\/v2\/comments?post=44558"}],"version-history":[{"count":1,"href":"https:\/\/sindenfermeiro.com.br\/index.php\/wp-json\/wp\/v2\/posts\/44558\/revisions"}],"predecessor-version":[{"id":44561,"href":"https:\/\/sindenfermeiro.com.br\/index.php\/wp-json\/wp\/v2\/posts\/44558\/revisions\/44561"}],"wp:featuredmedia":[{"embeddable":true,"href":"https:\/\/sindenfermeiro.com.br\/index.php\/wp-json\/wp\/v2\/media\/44560"}],"wp:attachment":[{"href":"https:\/\/sindenfermeiro.com.br\/index.php\/wp-json\/wp\/v2\/media?parent=44558"}],"wp:term":[{"taxonomy":"category","embeddable":true,"href":"https:\/\/sindenfermeiro.com.br\/index.php\/wp-json\/wp\/v2\/categories?post=44558"},{"taxonomy":"post_tag","embeddable":true,"href":"https:\/\/sindenfermeiro.com.br\/index.php\/wp-json\/wp\/v2\/tags?post=44558"}],"curies":[{"name":"wp","href":"https:\/\/api.w.org\/{rel}","templated":true}]}}