{"id":44475,"date":"2024-01-17T16:58:20","date_gmt":"2024-01-17T19:58:20","guid":{"rendered":"https:\/\/sindenfermeiro.com.br\/?p=44475"},"modified":"2026-04-29T10:35:29","modified_gmt":"2026-04-29T13:35:29","slug":"sindenfermeiro-recebe-categoria-e-estudantes-para-promover-dialogos-sobre-o-sus","status":"publish","type":"post","link":"https:\/\/sindenfermeiro.com.br\/index.php\/2024\/01\/17\/sindenfermeiro-recebe-categoria-e-estudantes-para-promover-dialogos-sobre-o-sus\/","title":{"rendered":"SindEnfermeiro recebe categoria e estudantes para promover &#8220;Di\u00e1logos sobre o SUS&#8221;"},"content":{"rendered":"<p><img loading=\"lazy\" decoding=\"async\" class=\"aligncenter wp-image-44476 \" src=\"https:\/\/sindenfermeiro.com.br\/wp-content\/uploads\/2024\/01\/WhatsApp-Image-2024-01-16-at-19.43.50.jpeg\" alt=\"\" width=\"570\" height=\"427\" srcset=\"https:\/\/sindenfermeiro.com.br\/wp-content\/uploads\/2024\/01\/WhatsApp-Image-2024-01-16-at-19.43.50.jpeg 1600w, https:\/\/sindenfermeiro.com.br\/wp-content\/uploads\/2024\/01\/WhatsApp-Image-2024-01-16-at-19.43.50-300x225.jpeg 300w, https:\/\/sindenfermeiro.com.br\/wp-content\/uploads\/2024\/01\/WhatsApp-Image-2024-01-16-at-19.43.50-1024x768.jpeg 1024w, https:\/\/sindenfermeiro.com.br\/wp-content\/uploads\/2024\/01\/WhatsApp-Image-2024-01-16-at-19.43.50-768x576.jpeg 768w, https:\/\/sindenfermeiro.com.br\/wp-content\/uploads\/2024\/01\/WhatsApp-Image-2024-01-16-at-19.43.50-1536x1152.jpeg 1536w\" sizes=\"auto, (max-width: 570px) 100vw, 570px\" \/><\/p>\n<p>Na noite de ontem (16), o SindEnfermeiro-DF recebeu em seu audit\u00f3rio dezenas de trabalhadores da enfermagem e estudantes, com o objetivo de discutir os desafios e perspectivas do Sistema \u00danico de Sa\u00fade.<\/p>\n<p>O encontro, intitulado &#8220;Di\u00e1logos sobre o SUS&#8221;, teve como proposta refor\u00e7ar o trabalho de base junto \u00e0 categoria &#8211; e propor o debate sobre quest\u00f5es que v\u00e3o al\u00e9m do dia-a-dia das unidades de sa\u00fade.<\/p>\n<p>A condu\u00e7\u00e3o dos trabalhos ficou a cargo do presidente do SindEnfermeiro-DF, Jorge Henrique &#8211; que falou sobre os caminhos e dificuldades que o SUS enfrenta com o subfinanciamento e o desenvolvimento da sa\u00fade p\u00fablica em nosso pa\u00eds -, e da enfermeira e professora L\u00edgia Maria, que abordou quest\u00f5es como a Reforma Sanit\u00e1ria e o sentido do trabalho da enfermagem no Brasil.<\/p>\n<p><strong>Debates d\u00e3o protagonismo e voz a trabalhadores<\/strong><\/p>\n<p>Para Jorge, &#8220;a nossa fun\u00e7\u00e3o enquanto sindicato tamb\u00e9m \u00e9 dar ao trabalhador instrumentos e uma forma\u00e7\u00e3o de base para que ele pr\u00f3prio seja o protagonista das suas lutas, com consci\u00eancia de classe e conhecimento de causa&#8221;, afirmou.<\/p>\n<p>Ainda segundo o presidente do SindEnfermeiro, &#8220;iniciativas como o debate de ontem s\u00e3o fundamentais para despertar nos trabalhadores ainda mais interesse em assuntos que impactam diretamente no seu trabalho e na assist\u00eancia \u00e0 popula\u00e7\u00e3o, mas v\u00e3o al\u00e9m dos muros das unidades de sa\u00fade&#8221;, finalizou.<\/p>\n","protected":false},"excerpt":{"rendered":"<p>Na noite de ontem (16), o SindEnfermeiro-DF recebeu em seu audit\u00f3rio dezenas de trabalhadores da enfermagem e estudantes, com o objetivo de discutir os desafios e perspectivas do Sistema \u00danico de Sa\u00fade. O encontro, intitulado &#8220;Di\u00e1logos sobre o SUS&#8221;, teve como proposta refor\u00e7ar o trabalho de base junto \u00e0 categoria &#8211; e propor o debate [&hellip;]<\/p>\n","protected":false},"author":6,"featured_media":44476,"comment_status":"open","ping_status":"open","sticky":false,"template":"","format":"standard","meta":{"footnotes":""},"categories":[6,5],"tags":[889,165],"class_list":["post-44475","post","type-post","status-publish","format-standard","has-post-thumbnail","hentry","category-noticias","category-rede-publica","tag-formacao-sindical","tag-sus"],"_links":{"self":[{"href":"https:\/\/sindenfermeiro.com.br\/index.php\/wp-json\/wp\/v2\/posts\/44475","targetHints":{"allow":["GET"]}}],"collection":[{"href":"https:\/\/sindenfermeiro.com.br\/index.php\/wp-json\/wp\/v2\/posts"}],"about":[{"href":"https:\/\/sindenfermeiro.com.br\/index.php\/wp-json\/wp\/v2\/types\/post"}],"author":[{"embeddable":true,"href":"https:\/\/sindenfermeiro.com.br\/index.php\/wp-json\/wp\/v2\/users\/6"}],"replies":[{"embeddable":true,"href":"https:\/\/sindenfermeiro.com.br\/index.php\/wp-json\/wp\/v2\/comments?post=44475"}],"version-history":[{"count":1,"href":"https:\/\/sindenfermeiro.com.br\/index.php\/wp-json\/wp\/v2\/posts\/44475\/revisions"}],"predecessor-version":[{"id":44477,"href":"https:\/\/sindenfermeiro.com.br\/index.php\/wp-json\/wp\/v2\/posts\/44475\/revisions\/44477"}],"wp:featuredmedia":[{"embeddable":true,"href":"https:\/\/sindenfermeiro.com.br\/index.php\/wp-json\/wp\/v2\/media\/44476"}],"wp:attachment":[{"href":"https:\/\/sindenfermeiro.com.br\/index.php\/wp-json\/wp\/v2\/media?parent=44475"}],"wp:term":[{"taxonomy":"category","embeddable":true,"href":"https:\/\/sindenfermeiro.com.br\/index.php\/wp-json\/wp\/v2\/categories?post=44475"},{"taxonomy":"post_tag","embeddable":true,"href":"https:\/\/sindenfermeiro.com.br\/index.php\/wp-json\/wp\/v2\/tags?post=44475"}],"curies":[{"name":"wp","href":"https:\/\/api.w.org\/{rel}","templated":true}]}}