{"id":44326,"date":"2024-01-16T10:45:15","date_gmt":"2024-01-16T13:45:15","guid":{"rendered":"https:\/\/sindenfermeiro.com.br\/?p=44326"},"modified":"2026-04-26T12:30:44","modified_gmt":"2026-04-26T15:30:44","slug":"assembleia-acordo-coletivo-de-trabalho-clinica-verse-de-saude-mental","status":"publish","type":"post","link":"https:\/\/sindenfermeiro.com.br\/index.php\/2024\/01\/16\/assembleia-acordo-coletivo-de-trabalho-clinica-verse-de-saude-mental\/","title":{"rendered":"ASSEMBLEIA | Acordo Coletivo de Trabalho &#8211; Cl\u00ednica Verse de Sa\u00fade Mental"},"content":{"rendered":"<p><img loading=\"lazy\" decoding=\"async\" class=\"aligncenter wp-image-44327 \" src=\"https:\/\/sindenfermeiro.com.br\/wp-content\/uploads\/2024\/01\/WhatsApp-Image-2024-01-16-at-10.21.42.jpeg\" alt=\"\" width=\"431\" height=\"539\" srcset=\"https:\/\/sindenfermeiro.com.br\/wp-content\/uploads\/2024\/01\/WhatsApp-Image-2024-01-16-at-10.21.42.jpeg 1080w, https:\/\/sindenfermeiro.com.br\/wp-content\/uploads\/2024\/01\/WhatsApp-Image-2024-01-16-at-10.21.42-240x300.jpeg 240w, https:\/\/sindenfermeiro.com.br\/wp-content\/uploads\/2024\/01\/WhatsApp-Image-2024-01-16-at-10.21.42-819x1024.jpeg 819w, https:\/\/sindenfermeiro.com.br\/wp-content\/uploads\/2024\/01\/WhatsApp-Image-2024-01-16-at-10.21.42-768x960.jpeg 768w\" sizes=\"auto, (max-width: 431px) 100vw, 431px\" \/><\/p>\n<p>O SindEnfermeiro-DF convoca os enfermeiros que atuam na Cl\u00ednica Verse de Sa\u00fade Mental a participarem, nesta sexta (19), de assembleia para tratar sobre o Acordo Coletivo de Trabalho v\u00e1lido para o ano de 2024.<\/p>\n<p><a href=\"https:\/\/us02web.zoom.us\/meeting\/register\/tZMod-CurTosHtGcXNoQmwd3yneWif3bXa8S\">A assembleia ser\u00e1 realizada online, por meio da plataforma Zoom<\/a>, a partir das 10 horas (primeira chamada). Participe!<\/p>\n<p>\ud83d\udcc6 19 de janeiro (sexta-feira)<\/p>\n<p>\u23f0 10 horas<\/p>\n<p>\ud83d\udccd Online, por meio da plataforma Zoom <a href=\"https:\/\/us02web.zoom.us\/meeting\/register\/tZMod-CurTosHtGcXNoQmwd3yneWif3bXa8S\">(CLIQUE AQUI PARA ACESSAR A ASSEMBLEIA)<\/a><\/p>\n","protected":false},"excerpt":{"rendered":"<p>O SindEnfermeiro-DF convoca os enfermeiros que atuam na Cl\u00ednica Verse de Sa\u00fade Mental a participarem, nesta sexta (19), de assembleia para tratar sobre o Acordo Coletivo de Trabalho v\u00e1lido para o ano de 2024. A assembleia ser\u00e1 realizada online, por meio da plataforma Zoom, a partir das 10 horas (primeira chamada). Participe! \ud83d\udcc6 19 de [&hellip;]<\/p>\n","protected":false},"author":6,"featured_media":44327,"comment_status":"open","ping_status":"open","sticky":false,"template":"","format":"standard","meta":{"footnotes":""},"categories":[6,13],"tags":[413,867],"class_list":["post-44326","post","type-post","status-publish","format-standard","has-post-thumbnail","hentry","category-noticias","category-rede-privada","tag-assembleia","tag-clinica-verse"],"_links":{"self":[{"href":"https:\/\/sindenfermeiro.com.br\/index.php\/wp-json\/wp\/v2\/posts\/44326","targetHints":{"allow":["GET"]}}],"collection":[{"href":"https:\/\/sindenfermeiro.com.br\/index.php\/wp-json\/wp\/v2\/posts"}],"about":[{"href":"https:\/\/sindenfermeiro.com.br\/index.php\/wp-json\/wp\/v2\/types\/post"}],"author":[{"embeddable":true,"href":"https:\/\/sindenfermeiro.com.br\/index.php\/wp-json\/wp\/v2\/users\/6"}],"replies":[{"embeddable":true,"href":"https:\/\/sindenfermeiro.com.br\/index.php\/wp-json\/wp\/v2\/comments?post=44326"}],"version-history":[{"count":1,"href":"https:\/\/sindenfermeiro.com.br\/index.php\/wp-json\/wp\/v2\/posts\/44326\/revisions"}],"predecessor-version":[{"id":44328,"href":"https:\/\/sindenfermeiro.com.br\/index.php\/wp-json\/wp\/v2\/posts\/44326\/revisions\/44328"}],"wp:featuredmedia":[{"embeddable":true,"href":"https:\/\/sindenfermeiro.com.br\/index.php\/wp-json\/wp\/v2\/media\/44327"}],"wp:attachment":[{"href":"https:\/\/sindenfermeiro.com.br\/index.php\/wp-json\/wp\/v2\/media?parent=44326"}],"wp:term":[{"taxonomy":"category","embeddable":true,"href":"https:\/\/sindenfermeiro.com.br\/index.php\/wp-json\/wp\/v2\/categories?post=44326"},{"taxonomy":"post_tag","embeddable":true,"href":"https:\/\/sindenfermeiro.com.br\/index.php\/wp-json\/wp\/v2\/tags?post=44326"}],"curies":[{"name":"wp","href":"https:\/\/api.w.org\/{rel}","templated":true}]}}