{"id":44321,"date":"2024-01-15T17:48:13","date_gmt":"2024-01-15T20:48:13","guid":{"rendered":"https:\/\/sindenfermeiro.com.br\/?p=44321"},"modified":"2026-04-29T10:35:14","modified_gmt":"2026-04-29T13:35:14","slug":"nota-de-repudio-enfermeiro-agredido-em-upa-do-nucleo-bandeirante","status":"publish","type":"post","link":"https:\/\/sindenfermeiro.com.br\/index.php\/2024\/01\/15\/nota-de-repudio-enfermeiro-agredido-em-upa-do-nucleo-bandeirante\/","title":{"rendered":"NOTA DE REP\u00daDIO: Enfermeiro agredido em UPA do N\u00facleo Bandeirante"},"content":{"rendered":"<p><img loading=\"lazy\" decoding=\"async\" class=\"aligncenter wp-image-44322 \" src=\"https:\/\/sindenfermeiro.com.br\/wp-content\/uploads\/2024\/01\/WhatsApp-Image-2024-01-15-at-16.28.48.jpeg\" alt=\"\" width=\"434\" height=\"543\" srcset=\"https:\/\/sindenfermeiro.com.br\/wp-content\/uploads\/2024\/01\/WhatsApp-Image-2024-01-15-at-16.28.48.jpeg 1080w, https:\/\/sindenfermeiro.com.br\/wp-content\/uploads\/2024\/01\/WhatsApp-Image-2024-01-15-at-16.28.48-240x300.jpeg 240w, https:\/\/sindenfermeiro.com.br\/wp-content\/uploads\/2024\/01\/WhatsApp-Image-2024-01-15-at-16.28.48-819x1024.jpeg 819w, https:\/\/sindenfermeiro.com.br\/wp-content\/uploads\/2024\/01\/WhatsApp-Image-2024-01-15-at-16.28.48-768x960.jpeg 768w\" sizes=\"auto, (max-width: 434px) 100vw, 434px\" \/><\/p>\n<p>O SindEnfermeiro-DF lamenta e repudia profundamente o caso ocorrido no \u00faltimo s\u00e1bado (13), onde um enfermeiro da UPA do N\u00facleo Bandeirante foi agredido fisicamente por acompanhantes de pacientes que aguardavam atendimento. Al\u00e9m dele, o motorista da ambul\u00e2ncia que atende a unidade tamb\u00e9m foi atacado.<\/p>\n<p>Mais um caso que se soma a tantos outros ocorridos nos \u00faltimos anos, e sem que haja qualquer posi\u00e7\u00e3o firme por parte do Governo do DF e da Secretaria de Sa\u00fade no sentido de coibir esse tipo de situa\u00e7\u00e3o.<\/p>\n<p>E a realidade em praticamente todas as unidades de sa\u00fade do DF \u00e9 a mesma: faltam enfermeiros para assistir a popula\u00e7\u00e3o &#8211; mesmo com aprovados em concurso esperando h\u00e1 anos pela convoca\u00e7\u00e3o para trabalhar. O resultado \u00e9 previs\u00edvel: popula\u00e7\u00e3o revoltada e trabalhadores sobrecarregados.<\/p>\n<p>N\u00e3o h\u00e1 justificativa para qualquer tipo de agress\u00e3o contra um trabalhador no exerc\u00edcio da sua fun\u00e7\u00e3o, e quem toma uma atitude descabida como essa precisa ser responsabilizado. Mas o GDF e a Secretaria de Sa\u00fade precisam reconhecer a sua parcela de culpa e tomar provid\u00eancias urgentes &#8211; como nomear os aprovados nos concursos que at\u00e9 hoje esperam sua vez.<\/p>\n<p>Hoje, ser enfermeiro da rede p\u00fablica do DF \u00e9 correr risco de vida todos os dias &#8211; e n\u00e3o \u00e9 fazendo o nosso trabalho. E essa escalada de viol\u00eancia precisa acabar.<\/p>\n","protected":false},"excerpt":{"rendered":"<p>O SindEnfermeiro-DF lamenta e repudia profundamente o caso ocorrido no \u00faltimo s\u00e1bado (13), onde um enfermeiro da UPA do N\u00facleo Bandeirante foi agredido fisicamente por acompanhantes de pacientes que aguardavam atendimento. Al\u00e9m dele, o motorista da ambul\u00e2ncia que atende a unidade tamb\u00e9m foi atacado. Mais um caso que se soma a tantos outros ocorridos nos [&hellip;]<\/p>\n","protected":false},"author":6,"featured_media":44322,"comment_status":"open","ping_status":"open","sticky":false,"template":"","format":"standard","meta":{"footnotes":""},"categories":[6,13,5],"tags":[520,275,251],"class_list":["post-44321","post","type-post","status-publish","format-standard","has-post-thumbnail","hentry","category-noticias","category-rede-privada","category-rede-publica","tag-agressao","tag-enfermeiro","tag-nota-de-repudio"],"_links":{"self":[{"href":"https:\/\/sindenfermeiro.com.br\/index.php\/wp-json\/wp\/v2\/posts\/44321","targetHints":{"allow":["GET"]}}],"collection":[{"href":"https:\/\/sindenfermeiro.com.br\/index.php\/wp-json\/wp\/v2\/posts"}],"about":[{"href":"https:\/\/sindenfermeiro.com.br\/index.php\/wp-json\/wp\/v2\/types\/post"}],"author":[{"embeddable":true,"href":"https:\/\/sindenfermeiro.com.br\/index.php\/wp-json\/wp\/v2\/users\/6"}],"replies":[{"embeddable":true,"href":"https:\/\/sindenfermeiro.com.br\/index.php\/wp-json\/wp\/v2\/comments?post=44321"}],"version-history":[{"count":1,"href":"https:\/\/sindenfermeiro.com.br\/index.php\/wp-json\/wp\/v2\/posts\/44321\/revisions"}],"predecessor-version":[{"id":44323,"href":"https:\/\/sindenfermeiro.com.br\/index.php\/wp-json\/wp\/v2\/posts\/44321\/revisions\/44323"}],"wp:featuredmedia":[{"embeddable":true,"href":"https:\/\/sindenfermeiro.com.br\/index.php\/wp-json\/wp\/v2\/media\/44322"}],"wp:attachment":[{"href":"https:\/\/sindenfermeiro.com.br\/index.php\/wp-json\/wp\/v2\/media?parent=44321"}],"wp:term":[{"taxonomy":"category","embeddable":true,"href":"https:\/\/sindenfermeiro.com.br\/index.php\/wp-json\/wp\/v2\/categories?post=44321"},{"taxonomy":"post_tag","embeddable":true,"href":"https:\/\/sindenfermeiro.com.br\/index.php\/wp-json\/wp\/v2\/tags?post=44321"}],"curies":[{"name":"wp","href":"https:\/\/api.w.org\/{rel}","templated":true}]}}