{"id":44318,"date":"2024-01-17T17:23:43","date_gmt":"2024-01-17T20:23:43","guid":{"rendered":"https:\/\/sindenfermeiro.com.br\/?p=44318"},"modified":"2026-04-26T12:30:38","modified_gmt":"2026-04-26T15:30:38","slug":"assembleia-piso-salarial-e-convencao-coletiva-de-trabalho-da-rede-privada","status":"publish","type":"post","link":"https:\/\/sindenfermeiro.com.br\/index.php\/2024\/01\/17\/assembleia-piso-salarial-e-convencao-coletiva-de-trabalho-da-rede-privada\/","title":{"rendered":"ASSEMBLEIA | Piso Salarial e Conven\u00e7\u00e3o Coletiva de Trabalho da rede privada"},"content":{"rendered":"<p>&nbsp;<\/p>\n<p><img loading=\"lazy\" decoding=\"async\" class=\"aligncenter wp-image-44319 \" src=\"https:\/\/sindenfermeiro.com.br\/wp-content\/uploads\/2024\/01\/WhatsApp-Image-2024-01-15-at-14.56.41.jpeg\" alt=\"\" width=\"415\" height=\"519\" srcset=\"https:\/\/sindenfermeiro.com.br\/wp-content\/uploads\/2024\/01\/WhatsApp-Image-2024-01-15-at-14.56.41.jpeg 1080w, https:\/\/sindenfermeiro.com.br\/wp-content\/uploads\/2024\/01\/WhatsApp-Image-2024-01-15-at-14.56.41-240x300.jpeg 240w, https:\/\/sindenfermeiro.com.br\/wp-content\/uploads\/2024\/01\/WhatsApp-Image-2024-01-15-at-14.56.41-819x1024.jpeg 819w, https:\/\/sindenfermeiro.com.br\/wp-content\/uploads\/2024\/01\/WhatsApp-Image-2024-01-15-at-14.56.41-768x960.jpeg 768w\" sizes=\"auto, (max-width: 415px) 100vw, 415px\" \/><\/p>\n<p>\u26a0\ufe0f ATEN\u00c7\u00c3O, ENFERMEIROS DA REDE PRIVADA!<\/p>\n<p>O SindEnfermeiro-DF convoca a todos os enfermeiros e enfermeiras que atuam na rede privada do DF a participarem nesta quinta (18), a partir das 14h30, de assembleia para discutir a aplica\u00e7\u00e3o do Piso Salarial para a categoria, al\u00e9m da Conven\u00e7\u00e3o Coletiva de Trabalho para 2024.<\/p>\n<p>A sua participa\u00e7\u00e3o \u00e9 muito importante para tra\u00e7armos os pr\u00f3ximos passos de luta pela implanta\u00e7\u00e3o definitiva do Piso Salarial na rede privada!<\/p>\n<p>Para facilitar a participa\u00e7\u00e3o de todos os interessados, a assembleia ser\u00e1 <a href=\"https:\/\/cutt.ly\/wwKthFHk\">online &#8211; por meio da plataforma Zoom.<\/a><\/p>\n<p>\ud83d\udcc6 18 de janeiro (quinta-feira)<\/p>\n<p>\u23f0 14h30<\/p>\n<p>\ud83d\udccd Online, pela plataforma Zoom. <a href=\"https:\/\/cutt.ly\/wwKthFHk\">CLIQUE AQUI PARA ACESSAR A ASSEMBLEIA<\/a><\/p>\n","protected":false},"excerpt":{"rendered":"<p>&nbsp; \u26a0\ufe0f ATEN\u00c7\u00c3O, ENFERMEIROS DA REDE PRIVADA! O SindEnfermeiro-DF convoca a todos os enfermeiros e enfermeiras que atuam na rede privada do DF a participarem nesta quinta (18), a partir das 14h30, de assembleia para discutir a aplica\u00e7\u00e3o do Piso Salarial para a categoria, al\u00e9m da Conven\u00e7\u00e3o Coletiva de Trabalho para 2024. A sua participa\u00e7\u00e3o [&hellip;]<\/p>\n","protected":false},"author":6,"featured_media":44319,"comment_status":"open","ping_status":"open","sticky":false,"template":"","format":"standard","meta":{"footnotes":""},"categories":[6,818,13],"tags":[413,53,46],"class_list":["post-44318","post","type-post","status-publish","format-standard","has-post-thumbnail","hentry","category-noticias","category-piso-salarial","category-rede-privada","tag-assembleia","tag-piso-salarial","tag-rede-privada"],"_links":{"self":[{"href":"https:\/\/sindenfermeiro.com.br\/index.php\/wp-json\/wp\/v2\/posts\/44318","targetHints":{"allow":["GET"]}}],"collection":[{"href":"https:\/\/sindenfermeiro.com.br\/index.php\/wp-json\/wp\/v2\/posts"}],"about":[{"href":"https:\/\/sindenfermeiro.com.br\/index.php\/wp-json\/wp\/v2\/types\/post"}],"author":[{"embeddable":true,"href":"https:\/\/sindenfermeiro.com.br\/index.php\/wp-json\/wp\/v2\/users\/6"}],"replies":[{"embeddable":true,"href":"https:\/\/sindenfermeiro.com.br\/index.php\/wp-json\/wp\/v2\/comments?post=44318"}],"version-history":[{"count":1,"href":"https:\/\/sindenfermeiro.com.br\/index.php\/wp-json\/wp\/v2\/posts\/44318\/revisions"}],"predecessor-version":[{"id":44320,"href":"https:\/\/sindenfermeiro.com.br\/index.php\/wp-json\/wp\/v2\/posts\/44318\/revisions\/44320"}],"wp:featuredmedia":[{"embeddable":true,"href":"https:\/\/sindenfermeiro.com.br\/index.php\/wp-json\/wp\/v2\/media\/44319"}],"wp:attachment":[{"href":"https:\/\/sindenfermeiro.com.br\/index.php\/wp-json\/wp\/v2\/media?parent=44318"}],"wp:term":[{"taxonomy":"category","embeddable":true,"href":"https:\/\/sindenfermeiro.com.br\/index.php\/wp-json\/wp\/v2\/categories?post=44318"},{"taxonomy":"post_tag","embeddable":true,"href":"https:\/\/sindenfermeiro.com.br\/index.php\/wp-json\/wp\/v2\/tags?post=44318"}],"curies":[{"name":"wp","href":"https:\/\/api.w.org\/{rel}","templated":true}]}}