{"id":44314,"date":"2024-01-10T17:56:09","date_gmt":"2024-01-10T20:56:09","guid":{"rendered":"https:\/\/sindenfermeiro.com.br\/?p=44314"},"modified":"2026-04-29T10:36:29","modified_gmt":"2026-04-29T13:36:29","slug":"intervencao-no-ictdf-manutencao-de-empregos-e-debatida-em-reuniao-com-sindenfermeiro-trabalhadores-e-gestores","status":"publish","type":"post","link":"https:\/\/sindenfermeiro.com.br\/index.php\/2024\/01\/10\/intervencao-no-ictdf-manutencao-de-empregos-e-debatida-em-reuniao-com-sindenfermeiro-trabalhadores-e-gestores\/","title":{"rendered":"Interven\u00e7\u00e3o no ICTDF: Manuten\u00e7\u00e3o de empregos \u00e9 debatida em reuni\u00e3o com SindEnfermeiro, trabalhadores e gestores"},"content":{"rendered":"<p><img loading=\"lazy\" decoding=\"async\" class=\"aligncenter wp-image-44315 \" src=\"https:\/\/sindenfermeiro.com.br\/wp-content\/uploads\/2024\/01\/ict.jpeg\" alt=\"\" width=\"666\" height=\"500\" srcset=\"https:\/\/sindenfermeiro.com.br\/wp-content\/uploads\/2024\/01\/ict.jpeg 1600w, https:\/\/sindenfermeiro.com.br\/wp-content\/uploads\/2024\/01\/ict-300x225.jpeg 300w, https:\/\/sindenfermeiro.com.br\/wp-content\/uploads\/2024\/01\/ict-1024x768.jpeg 1024w, https:\/\/sindenfermeiro.com.br\/wp-content\/uploads\/2024\/01\/ict-768x576.jpeg 768w, https:\/\/sindenfermeiro.com.br\/wp-content\/uploads\/2024\/01\/ict-1536x1152.jpeg 1536w\" sizes=\"auto, (max-width: 666px) 100vw, 666px\" \/><\/p>\n<p>O Sindicato dos Enfermeiros (SindEnfermeiro-DF) esteve hoje (10) no Instituto de Cardiologia e Transplantes (ICTDF) para debater junto aos trabalhadores e gestores da unidade sobre os termos da interven\u00e7\u00e3o administrativa na unidade &#8211; anunciada pelo GDF em dezembro do ano passado.<\/p>\n<p>O encontro foi mediado pelo presidente Jorge Henrique, pelas diretoras Ursula Nepomoceno e Nayara J\u00e9ssica, al\u00e9m do diretor Jozin\u00e9lio Teixeira &#8211; e foi uma oportunidade para que os trabalhadores levantassem suas d\u00favidas a respeito da manuten\u00e7\u00e3o de seus empregos, bem como o servi\u00e7o prestado e o acompanhamento dos pacientes que est\u00e3o atualmente na unidade.<\/p>\n<p><strong>Manuten\u00e7\u00e3o da for\u00e7a de trabalho<\/strong><\/p>\n<p>Na ocasi\u00e3o, o presidente do SindEnfermeiro ressaltou que a entidade ir\u00e1 acompanhar de perto os desdobramentos no processo de mudan\u00e7a da gest\u00e3o, especialmente no que diz respeito \u00e0 manuten\u00e7\u00e3o dos postos de trabalho e da remunera\u00e7\u00e3o atual dos servidores.<\/p>\n<p>Para Jorge, &#8220;O ICTDF presta um servi\u00e7o essencial para a popula\u00e7\u00e3o, e que n\u00e3o pode ser descontinuado ou interrompido em nenhuma hip\u00f3tese, afinal estamos falando em vidas. A manuten\u00e7\u00e3o dos trabalhadores em suas atribui\u00e7\u00f5es \u00e9 fundamental para a continuidade da assist\u00eancia&#8221;.<\/p>\n<p><strong>Transpar\u00eancia<\/strong><\/p>\n<p>Outro ponto abordado e considerado fundamental por trabalhadores e sindicato diz respeito \u00e0 transpar\u00eancia do processo de interven\u00e7\u00e3o &#8211; e posterior decis\u00e3o sobre uma nova gest\u00e3o ou manuten\u00e7\u00e3o dos atuais administradores do ICTDF.<\/p>\n<p>Para a diretora do SindEnfermeiro Ursula Nepomoceno, &#8220;al\u00e9m de n\u00e3o impactar trabalhadores e o atendimento \u00e0 popula\u00e7\u00e3o, o processo de interven\u00e7\u00e3o e defini\u00e7\u00f5es futuras sobre a gest\u00e3o precisam vir acompanhados de mais transpar\u00eancia nas contas. \u00c9 preciso saber de onde vem e para onde vai o dinheiro destinado ao ICT, e se de fato esses recursos est\u00e3o sendo aplicados na unidade&#8221;, completou.<\/p>\n<p><strong>Interven\u00e7\u00e3o<\/strong><\/p>\n<p>Em dezembro, o GDF decretou a interven\u00e7\u00e3o administrativa no ICTDF devido a crise financeira da ent\u00e3o gestora &#8211; a Funda\u00e7\u00e3o Universit\u00e1ria de Cardiologia (FUC).<\/p>\n<p>O ICTDF \u00e9 a unidade de refer\u00eancia da rede p\u00fablica em todos os procedimentos de alta complexidade de cardiologia e transplantes, sendo respons\u00e1vel por 85% das interven\u00e7\u00f5es do tipo realizadas no DF. No caso dos pacientes cardiopatas pedi\u00e1tricos, o instituto \u00e9 respons\u00e1vel por 100% dos atendimentos.<\/p>\n","protected":false},"excerpt":{"rendered":"<p>O Sindicato dos Enfermeiros (SindEnfermeiro-DF) esteve hoje (10) no Instituto de Cardiologia e Transplantes (ICTDF) para debater junto aos trabalhadores e gestores da unidade sobre os termos da interven\u00e7\u00e3o administrativa na unidade &#8211; anunciada pelo GDF em dezembro do ano passado. O encontro foi mediado pelo presidente Jorge Henrique, pelas diretoras Ursula Nepomoceno e Nayara [&hellip;]<\/p>\n","protected":false},"author":6,"featured_media":44315,"comment_status":"open","ping_status":"open","sticky":false,"template":"","format":"standard","meta":{"footnotes":""},"categories":[6,5],"tags":[54,865,866],"class_list":["post-44314","post","type-post","status-publish","format-standard","has-post-thumbnail","hentry","category-noticias","category-rede-publica","tag-enfermeiros","tag-ictdf","tag-intervencao"],"_links":{"self":[{"href":"https:\/\/sindenfermeiro.com.br\/index.php\/wp-json\/wp\/v2\/posts\/44314","targetHints":{"allow":["GET"]}}],"collection":[{"href":"https:\/\/sindenfermeiro.com.br\/index.php\/wp-json\/wp\/v2\/posts"}],"about":[{"href":"https:\/\/sindenfermeiro.com.br\/index.php\/wp-json\/wp\/v2\/types\/post"}],"author":[{"embeddable":true,"href":"https:\/\/sindenfermeiro.com.br\/index.php\/wp-json\/wp\/v2\/users\/6"}],"replies":[{"embeddable":true,"href":"https:\/\/sindenfermeiro.com.br\/index.php\/wp-json\/wp\/v2\/comments?post=44314"}],"version-history":[{"count":1,"href":"https:\/\/sindenfermeiro.com.br\/index.php\/wp-json\/wp\/v2\/posts\/44314\/revisions"}],"predecessor-version":[{"id":44316,"href":"https:\/\/sindenfermeiro.com.br\/index.php\/wp-json\/wp\/v2\/posts\/44314\/revisions\/44316"}],"wp:featuredmedia":[{"embeddable":true,"href":"https:\/\/sindenfermeiro.com.br\/index.php\/wp-json\/wp\/v2\/media\/44315"}],"wp:attachment":[{"href":"https:\/\/sindenfermeiro.com.br\/index.php\/wp-json\/wp\/v2\/media?parent=44314"}],"wp:term":[{"taxonomy":"category","embeddable":true,"href":"https:\/\/sindenfermeiro.com.br\/index.php\/wp-json\/wp\/v2\/categories?post=44314"},{"taxonomy":"post_tag","embeddable":true,"href":"https:\/\/sindenfermeiro.com.br\/index.php\/wp-json\/wp\/v2\/tags?post=44314"}],"curies":[{"name":"wp","href":"https:\/\/api.w.org\/{rel}","templated":true}]}}