{"id":44291,"date":"2023-12-28T11:39:14","date_gmt":"2023-12-28T14:39:14","guid":{"rendered":"https:\/\/sindenfermeiro.com.br\/?p=44291"},"modified":"2026-04-29T12:16:25","modified_gmt":"2026-04-29T15:16:25","slug":"baile-dos-enfermeiros-mais-de-2-mil-pessoas-participaram-da-festa-de-confraternizacao","status":"publish","type":"post","link":"https:\/\/sindenfermeiro.com.br\/index.php\/2023\/12\/28\/baile-dos-enfermeiros-mais-de-2-mil-pessoas-participaram-da-festa-de-confraternizacao\/","title":{"rendered":"Baile dos Enfermeiros: mais de 2 mil pessoas participaram da festa de confraterniza\u00e7\u00e3o (VEJA AS FOTOS)"},"content":{"rendered":"<p><img loading=\"lazy\" decoding=\"async\" class=\" wp-image-44296 aligncenter\" src=\"https:\/\/sindenfermeiro.com.br\/wp-content\/uploads\/2023\/12\/Evento-Final-de-Ano-2023-Sindicado-dos-Enfermeiros-286-300x200.jpg\" alt=\"\" width=\"481\" height=\"320\" srcset=\"https:\/\/sindenfermeiro.com.br\/wp-content\/uploads\/2023\/12\/Evento-Final-de-Ano-2023-Sindicado-dos-Enfermeiros-286-300x200.jpg 300w, https:\/\/sindenfermeiro.com.br\/wp-content\/uploads\/2023\/12\/Evento-Final-de-Ano-2023-Sindicado-dos-Enfermeiros-286-1024x683.jpg 1024w, https:\/\/sindenfermeiro.com.br\/wp-content\/uploads\/2023\/12\/Evento-Final-de-Ano-2023-Sindicado-dos-Enfermeiros-286-768x512.jpg 768w, https:\/\/sindenfermeiro.com.br\/wp-content\/uploads\/2023\/12\/Evento-Final-de-Ano-2023-Sindicado-dos-Enfermeiros-286-1536x1024.jpg 1536w, https:\/\/sindenfermeiro.com.br\/wp-content\/uploads\/2023\/12\/Evento-Final-de-Ano-2023-Sindicado-dos-Enfermeiros-286-2048x1365.jpg 2048w\" sizes=\"auto, (max-width: 481px) 100vw, 481px\" \/><\/p>\n<p style=\"text-align: center\"><a href=\"https:\/\/www.flickr.com\/photos\/158926957@N08\/albums\/72177720313640665\/\">Veja as fotos do Baile aqui e baixe em alta resolu\u00e7\u00e3o<\/a><\/p>\n<p>O Baile dos Enfermeiros 2024, tradicional festa da enfermagem, promovido pelo Sindicato dos Enfermeiros do DF, foi um verdadeiro sucesso. A edi\u00e7\u00e3o desse ano contou com mais de duas mil pessoas, e deixou o sal\u00e3o do Clube do Ex\u00e9rcito lotado. O evento foi realizado no s\u00e1bado, dia 18 de novembro, e proporcionou uma noite de descontra\u00e7\u00e3o, encontros (reencontros), e pura divers\u00e3o.<\/p>\n<p><img loading=\"lazy\" decoding=\"async\" class=\"wp-image-44294 alignleft\" src=\"https:\/\/sindenfermeiro.com.br\/wp-content\/uploads\/2023\/12\/Evento-Final-de-Ano-2023-Sindicado-dos-Enfermeiros-672-300x200.jpg\" alt=\"\" width=\"422\" height=\"282\" srcset=\"https:\/\/sindenfermeiro.com.br\/wp-content\/uploads\/2023\/12\/Evento-Final-de-Ano-2023-Sindicado-dos-Enfermeiros-672-300x200.jpg 300w, https:\/\/sindenfermeiro.com.br\/wp-content\/uploads\/2023\/12\/Evento-Final-de-Ano-2023-Sindicado-dos-Enfermeiros-672-1024x683.jpg 1024w, https:\/\/sindenfermeiro.com.br\/wp-content\/uploads\/2023\/12\/Evento-Final-de-Ano-2023-Sindicado-dos-Enfermeiros-672-768x512.jpg 768w, https:\/\/sindenfermeiro.com.br\/wp-content\/uploads\/2023\/12\/Evento-Final-de-Ano-2023-Sindicado-dos-Enfermeiros-672-1536x1024.jpg 1536w, https:\/\/sindenfermeiro.com.br\/wp-content\/uploads\/2023\/12\/Evento-Final-de-Ano-2023-Sindicado-dos-Enfermeiros-672-2048x1365.jpg 2048w\" sizes=\"auto, (max-width: 422px) 100vw, 422px\" \/>A trilha sonora, a cargo da banda DF Music, animou a festa com uma sele\u00e7\u00e3o que ia desde sucessos nacionais e internacionais nos mais variados g\u00eaneros musicais.<\/p>\n<p>Todo o corpo de diretores do SindEnfermeiro-DF esteve presente no evento, al\u00e9m da deputada distrital, Dayse Amar\u00edlio (PSB), do deputado distrital Max Maciel (PSOL) e outros. Representantes de entidades como ABEn-DF e COREN-DF tamb\u00e9m marcaram presen\u00e7a na festa.<\/p>\n<p>O presidente da entidade, Jorge Henrique, ressaltou a relev\u00e2ncia do Baile, como o evento mais consagrado da enfermagem do DF, aguardado durante todo o ano. Ele lembrou que, al\u00e9m da descontra\u00e7\u00e3o, o principal objetivo \u00e9 proporcionar um espa\u00e7o para reencontrar amigos e colegas que, devido \u00e0s demandas di\u00e1rias, muitas vezes ficam distantes.<\/p>\n<p>Os presentes ainda puderam desfrutar de um jantar, drinks variados e outros aperitivos.<\/p>\n<p><a href=\"https:\/\/www.flickr.com\/photos\/158926957@N08\/albums\/72177720313640665\/\">Veja as fotos do Baile aqui e baixe em alta resolu\u00e7\u00e3o.<\/a><\/p>\n<p>&nbsp;<\/p>\n<p><img loading=\"lazy\" decoding=\"async\" class=\"alignnone wp-image-44292\" src=\"https:\/\/sindenfermeiro.com.br\/wp-content\/uploads\/2023\/12\/Evento-Final-de-Ano-2023-Sindicado-dos-Enfermeiros-353-300x200.jpg\" alt=\"\" width=\"447\" height=\"298\" srcset=\"https:\/\/sindenfermeiro.com.br\/wp-content\/uploads\/2023\/12\/Evento-Final-de-Ano-2023-Sindicado-dos-Enfermeiros-353-300x200.jpg 300w, https:\/\/sindenfermeiro.com.br\/wp-content\/uploads\/2023\/12\/Evento-Final-de-Ano-2023-Sindicado-dos-Enfermeiros-353-1024x683.jpg 1024w, https:\/\/sindenfermeiro.com.br\/wp-content\/uploads\/2023\/12\/Evento-Final-de-Ano-2023-Sindicado-dos-Enfermeiros-353-768x512.jpg 768w, https:\/\/sindenfermeiro.com.br\/wp-content\/uploads\/2023\/12\/Evento-Final-de-Ano-2023-Sindicado-dos-Enfermeiros-353-1536x1024.jpg 1536w, https:\/\/sindenfermeiro.com.br\/wp-content\/uploads\/2023\/12\/Evento-Final-de-Ano-2023-Sindicado-dos-Enfermeiros-353-2048x1365.jpg 2048w\" sizes=\"auto, (max-width: 447px) 100vw, 447px\" \/> \u00a0\u00a0<img loading=\"lazy\" decoding=\"async\" class=\"alignnone wp-image-44295\" src=\"https:\/\/sindenfermeiro.com.br\/wp-content\/uploads\/2023\/12\/Evento-Final-de-Ano-2023-Sindicado-dos-Enfermeiros-25-300x200.jpg\" alt=\"\" width=\"456\" height=\"304\" srcset=\"https:\/\/sindenfermeiro.com.br\/wp-content\/uploads\/2023\/12\/Evento-Final-de-Ano-2023-Sindicado-dos-Enfermeiros-25-300x200.jpg 300w, https:\/\/sindenfermeiro.com.br\/wp-content\/uploads\/2023\/12\/Evento-Final-de-Ano-2023-Sindicado-dos-Enfermeiros-25-1024x683.jpg 1024w, https:\/\/sindenfermeiro.com.br\/wp-content\/uploads\/2023\/12\/Evento-Final-de-Ano-2023-Sindicado-dos-Enfermeiros-25-768x512.jpg 768w, https:\/\/sindenfermeiro.com.br\/wp-content\/uploads\/2023\/12\/Evento-Final-de-Ano-2023-Sindicado-dos-Enfermeiros-25-1536x1024.jpg 1536w, https:\/\/sindenfermeiro.com.br\/wp-content\/uploads\/2023\/12\/Evento-Final-de-Ano-2023-Sindicado-dos-Enfermeiros-25-2048x1365.jpg 2048w\" sizes=\"auto, (max-width: 456px) 100vw, 456px\" \/><\/p>\n<p>&nbsp;<\/p>\n<p>Por Camila Piacesi<\/p>\n","protected":false},"excerpt":{"rendered":"<p>Veja as fotos do Baile aqui e baixe em alta resolu\u00e7\u00e3o O Baile dos Enfermeiros 2024, tradicional festa da enfermagem, promovido pelo Sindicato dos Enfermeiros do DF, foi um verdadeiro sucesso. A edi\u00e7\u00e3o desse ano contou com mais de duas mil pessoas, e deixou o sal\u00e3o do Clube do Ex\u00e9rcito lotado. O evento foi realizado [&hellip;]<\/p>\n","protected":false},"author":6,"featured_media":44297,"comment_status":"open","ping_status":"open","sticky":false,"template":"","format":"standard","meta":{"footnotes":""},"categories":[6],"tags":[912],"class_list":["post-44291","post","type-post","status-publish","format-standard","has-post-thumbnail","hentry","category-noticias","tag-camila-piacesi"],"_links":{"self":[{"href":"https:\/\/sindenfermeiro.com.br\/index.php\/wp-json\/wp\/v2\/posts\/44291","targetHints":{"allow":["GET"]}}],"collection":[{"href":"https:\/\/sindenfermeiro.com.br\/index.php\/wp-json\/wp\/v2\/posts"}],"about":[{"href":"https:\/\/sindenfermeiro.com.br\/index.php\/wp-json\/wp\/v2\/types\/post"}],"author":[{"embeddable":true,"href":"https:\/\/sindenfermeiro.com.br\/index.php\/wp-json\/wp\/v2\/users\/6"}],"replies":[{"embeddable":true,"href":"https:\/\/sindenfermeiro.com.br\/index.php\/wp-json\/wp\/v2\/comments?post=44291"}],"version-history":[{"count":12,"href":"https:\/\/sindenfermeiro.com.br\/index.php\/wp-json\/wp\/v2\/posts\/44291\/revisions"}],"predecessor-version":[{"id":44802,"href":"https:\/\/sindenfermeiro.com.br\/index.php\/wp-json\/wp\/v2\/posts\/44291\/revisions\/44802"}],"wp:featuredmedia":[{"embeddable":true,"href":"https:\/\/sindenfermeiro.com.br\/index.php\/wp-json\/wp\/v2\/media\/44297"}],"wp:attachment":[{"href":"https:\/\/sindenfermeiro.com.br\/index.php\/wp-json\/wp\/v2\/media?parent=44291"}],"wp:term":[{"taxonomy":"category","embeddable":true,"href":"https:\/\/sindenfermeiro.com.br\/index.php\/wp-json\/wp\/v2\/categories?post=44291"},{"taxonomy":"post_tag","embeddable":true,"href":"https:\/\/sindenfermeiro.com.br\/index.php\/wp-json\/wp\/v2\/tags?post=44291"}],"curies":[{"name":"wp","href":"https:\/\/api.w.org\/{rel}","templated":true}]}}