{"id":44285,"date":"2023-12-20T16:34:06","date_gmt":"2023-12-20T19:34:06","guid":{"rendered":"https:\/\/sindenfermeiro.com.br\/?p=44285"},"modified":"2026-04-29T10:35:05","modified_gmt":"2026-04-29T13:35:05","slug":"comunicado-sobre-a-negociacao-com-o-sbh-acerca-do-piso-salarial-da-enfermagem","status":"publish","type":"post","link":"https:\/\/sindenfermeiro.com.br\/index.php\/2023\/12\/20\/comunicado-sobre-a-negociacao-com-o-sbh-acerca-do-piso-salarial-da-enfermagem\/","title":{"rendered":"Comunicado sobre a negocia\u00e7\u00e3o com o SBH acerca do piso salarial da enfermagem"},"content":{"rendered":"<p>&nbsp;<\/p>\n<p><span style=\"font-weight: 400\">Conforme edital e demais convoca\u00e7\u00f5es realizadas nos meios de comunica\u00e7\u00e3o oficial do SindEnfermeiro-DF, foi realizada na data de hoje, dia 20\/12\/2023, assembleia geral para tratar da proposta de Conven\u00e7\u00e3o Coletiva de Trabalho \u2013 CCT a ser apresentada pelo Sindicato Brasiliense dos Hospitais, Casas de Sa\u00fade e Cl\u00ednicas \u2013 SBH.<\/span><\/p>\n<p><span style=\"font-weight: 400\">Ocorre que, em comunicado oficial do SBH recebido pelo Presidente Jorge Henrique \u00e0s 14h38 do dia de hoje, o fechamento da minuta com os ajustes definidos pelo STF nos Embargos de Declara\u00e7\u00e3o na medida cautelar na ADI n\u00ba 7.222 deu-se somente no dia 19\/12\/2023, o que impossibilitou a forma\u00e7\u00e3o de qu\u00f3rum m\u00ednimo de vota\u00e7\u00e3o da minuta de CCT e, consequentemente, o envio formal da proposta patronal a este sindicato.<\/span><\/p>\n<p><span style=\"font-weight: 400\">Apesar disso, o SBH reafirmou o interesse na continuidade das negocia\u00e7\u00f5es em curso, comprometendo-se a encaminhar a minuta de CCT na primeira semana ap\u00f3s o retorno do recesso, o qual se dar\u00e1 em 10\/01\/2024.<\/span><\/p>\n<p><span style=\"font-weight: 400\">Contudo, a fim de adiantar as negocia\u00e7\u00f5es, a assembleia deliberou por encaminhar minuta de CCT ao SBH nos termos da vota\u00e7\u00e3o realizada, de modo que tal encaminhamento ser\u00e1 realizado de forma mais breve poss\u00edvel, a fim de que, quando do retorno do recesso, j\u00e1 possa viabilizar a vota\u00e7\u00e3o da proposta pelo SBH.<\/span><\/p>\n","protected":false},"excerpt":{"rendered":"<p>&nbsp; Conforme edital e demais convoca\u00e7\u00f5es realizadas nos meios de comunica\u00e7\u00e3o oficial do SindEnfermeiro-DF, foi realizada na data de hoje, dia 20\/12\/2023, assembleia geral para tratar da proposta de Conven\u00e7\u00e3o Coletiva de Trabalho \u2013 CCT a ser apresentada pelo Sindicato Brasiliense dos Hospitais, Casas de Sa\u00fade e Cl\u00ednicas \u2013 SBH. Ocorre que, em comunicado oficial [&hellip;]<\/p>\n","protected":false},"author":6,"featured_media":44286,"comment_status":"open","ping_status":"open","sticky":false,"template":"","format":"standard","meta":{"footnotes":""},"categories":[6],"tags":[],"class_list":["post-44285","post","type-post","status-publish","format-standard","has-post-thumbnail","hentry","category-noticias"],"_links":{"self":[{"href":"https:\/\/sindenfermeiro.com.br\/index.php\/wp-json\/wp\/v2\/posts\/44285","targetHints":{"allow":["GET"]}}],"collection":[{"href":"https:\/\/sindenfermeiro.com.br\/index.php\/wp-json\/wp\/v2\/posts"}],"about":[{"href":"https:\/\/sindenfermeiro.com.br\/index.php\/wp-json\/wp\/v2\/types\/post"}],"author":[{"embeddable":true,"href":"https:\/\/sindenfermeiro.com.br\/index.php\/wp-json\/wp\/v2\/users\/6"}],"replies":[{"embeddable":true,"href":"https:\/\/sindenfermeiro.com.br\/index.php\/wp-json\/wp\/v2\/comments?post=44285"}],"version-history":[{"count":2,"href":"https:\/\/sindenfermeiro.com.br\/index.php\/wp-json\/wp\/v2\/posts\/44285\/revisions"}],"predecessor-version":[{"id":44288,"href":"https:\/\/sindenfermeiro.com.br\/index.php\/wp-json\/wp\/v2\/posts\/44285\/revisions\/44288"}],"wp:featuredmedia":[{"embeddable":true,"href":"https:\/\/sindenfermeiro.com.br\/index.php\/wp-json\/wp\/v2\/media\/44286"}],"wp:attachment":[{"href":"https:\/\/sindenfermeiro.com.br\/index.php\/wp-json\/wp\/v2\/media?parent=44285"}],"wp:term":[{"taxonomy":"category","embeddable":true,"href":"https:\/\/sindenfermeiro.com.br\/index.php\/wp-json\/wp\/v2\/categories?post=44285"},{"taxonomy":"post_tag","embeddable":true,"href":"https:\/\/sindenfermeiro.com.br\/index.php\/wp-json\/wp\/v2\/tags?post=44285"}],"curies":[{"name":"wp","href":"https:\/\/api.w.org\/{rel}","templated":true}]}}