{"id":44281,"date":"2023-12-20T14:13:36","date_gmt":"2023-12-20T17:13:36","guid":{"rendered":"https:\/\/sindenfermeiro.com.br\/?p=44281"},"modified":"2026-04-29T10:34:04","modified_gmt":"2026-04-29T13:34:04","slug":"sindicato-participa-do-lancamento-do-forum-intersindical-de-saude-trabalho-e-direito-do-df-e-regiao","status":"publish","type":"post","link":"https:\/\/sindenfermeiro.com.br\/index.php\/2023\/12\/20\/sindicato-participa-do-lancamento-do-forum-intersindical-de-saude-trabalho-e-direito-do-df-e-regiao\/","title":{"rendered":"Sindicato participa do Lan\u00e7amento do F\u00f3rum Intersindical de Sa\u00fade, Trabalho e Direito do DF e regi\u00e3o."},"content":{"rendered":"<p>Por Jorge Henrique de Sousa Presidente do SindeEnfermeiro \u2013 DF<\/p>\n<p>No dia 19, ter\u00e7a, aconteceu o lan\u00e7amento do F\u00f3rum Intersindical de Sa\u00fade, Trabalho e<br \/>\nDireito do DF e regi\u00e3o. O evento foi realizado no Centro de Excel\u00eancia em Turismo,<br \/>\ncampus universit\u00e1rio Darcy Ribeiro, UnB, e contou com a presen\u00e7a de sindicatos,<br \/>\npesquisadores da Fiocruz Bras\u00edlia e UnB, ABRASCO, CEBES, movimentos sociais,<br \/>\nDiretoria de Sa\u00fade do Trabalhador (DISAT\/ SES-DF) e da Coordena\u00e7\u00e3o Geral de Sa\u00fade<br \/>\ndo Trabalhador (CGSAT\/ MS).<br \/>\nA proposta do F\u00f3rum \u00e9 se constituir como um espa\u00e7o de intera\u00e7\u00e3o de representa\u00e7\u00f5es<br \/>\nsindicais e institucionais na promo\u00e7\u00e3o da sa\u00fade da classe trabalhadora do DF e regi\u00e3o.<br \/>\nPara atingir essa finalidade, reivindica-se a participa\u00e7\u00e3o social com o protagonismo dos<br \/>\ntrabalhadores e das trabalhadoras no processo de transforma\u00e7\u00e3o da realidade<br \/>\ndaqueles que vivem da sua for\u00e7a de trabalho.<br \/>\nA cria\u00e7\u00e3o do F\u00f3rum \u00e9 um passo importante para proporcionar a intera\u00e7\u00e3o das<br \/>\nexperi\u00eancias sindicais em torno das quest\u00f5es que envolvem o mundo do trabalho e<br \/>\nque s\u00e3o motivo de mobiliza\u00e7\u00e3o da classe trabalhadora, tais como a viol\u00eancia em suas<br \/>\ndimens\u00f5es institucional, de g\u00eanero e racial, os acidentes de trabalho, a sa\u00fade mental,<br \/>\ndentre outras.<br \/>\nO SindEnfermeiro \u00e9 parte ativa dessa constru\u00e7\u00e3o e convida Enfermeiros e Enfermeiras<br \/>\na participarem dessa luta pela Sa\u00fade dos Trabalhadores e Trabalhadoras.<\/p>\n","protected":false},"excerpt":{"rendered":"<p>Por Jorge Henrique de Sousa Presidente do SindeEnfermeiro \u2013 DF No dia 19, ter\u00e7a, aconteceu o lan\u00e7amento do F\u00f3rum Intersindical de Sa\u00fade, Trabalho e Direito do DF e regi\u00e3o. O evento foi realizado no Centro de Excel\u00eancia em Turismo, campus universit\u00e1rio Darcy Ribeiro, UnB, e contou com a presen\u00e7a de sindicatos, pesquisadores da Fiocruz Bras\u00edlia [&hellip;]<\/p>\n","protected":false},"author":6,"featured_media":44282,"comment_status":"open","ping_status":"open","sticky":false,"template":"","format":"standard","meta":{"footnotes":""},"categories":[6],"tags":[],"class_list":["post-44281","post","type-post","status-publish","format-standard","has-post-thumbnail","hentry","category-noticias"],"_links":{"self":[{"href":"https:\/\/sindenfermeiro.com.br\/index.php\/wp-json\/wp\/v2\/posts\/44281","targetHints":{"allow":["GET"]}}],"collection":[{"href":"https:\/\/sindenfermeiro.com.br\/index.php\/wp-json\/wp\/v2\/posts"}],"about":[{"href":"https:\/\/sindenfermeiro.com.br\/index.php\/wp-json\/wp\/v2\/types\/post"}],"author":[{"embeddable":true,"href":"https:\/\/sindenfermeiro.com.br\/index.php\/wp-json\/wp\/v2\/users\/6"}],"replies":[{"embeddable":true,"href":"https:\/\/sindenfermeiro.com.br\/index.php\/wp-json\/wp\/v2\/comments?post=44281"}],"version-history":[{"count":1,"href":"https:\/\/sindenfermeiro.com.br\/index.php\/wp-json\/wp\/v2\/posts\/44281\/revisions"}],"predecessor-version":[{"id":44283,"href":"https:\/\/sindenfermeiro.com.br\/index.php\/wp-json\/wp\/v2\/posts\/44281\/revisions\/44283"}],"wp:featuredmedia":[{"embeddable":true,"href":"https:\/\/sindenfermeiro.com.br\/index.php\/wp-json\/wp\/v2\/media\/44282"}],"wp:attachment":[{"href":"https:\/\/sindenfermeiro.com.br\/index.php\/wp-json\/wp\/v2\/media?parent=44281"}],"wp:term":[{"taxonomy":"category","embeddable":true,"href":"https:\/\/sindenfermeiro.com.br\/index.php\/wp-json\/wp\/v2\/categories?post=44281"},{"taxonomy":"post_tag","embeddable":true,"href":"https:\/\/sindenfermeiro.com.br\/index.php\/wp-json\/wp\/v2\/tags?post=44281"}],"curies":[{"name":"wp","href":"https:\/\/api.w.org\/{rel}","templated":true}]}}