{"id":44261,"date":"2023-12-19T08:00:38","date_gmt":"2023-12-19T11:00:38","guid":{"rendered":"https:\/\/sindenfermeiro.com.br\/?p=44261"},"modified":"2026-04-29T12:20:45","modified_gmt":"2026-04-29T15:20:45","slug":"qual-o-projeto-de-ibaneis-para-a-saude-publica-do-df-em-2024","status":"publish","type":"post","link":"https:\/\/sindenfermeiro.com.br\/index.php\/2023\/12\/19\/qual-o-projeto-de-ibaneis-para-a-saude-publica-do-df-em-2024\/","title":{"rendered":"Qual o projeto de Ibaneis para a sa\u00fade p\u00fablica do DF em 2024?"},"content":{"rendered":"<p><span style=\"font-weight: 400\">Qual o projeto de Ibaneis para a sa\u00fade p\u00fablica do DF em 2024?<\/span><\/p>\n<p>Por Jorge Henrique de Sousa Presidente do SindeEnfermeiro &#8211; DF<\/p>\n<p><span style=\"font-weight: 400\">A \u00faltima sess\u00e3o da c\u00e2mara legislativa do Distrito Federal (CLDF) de 2023, dia 13, frustrou parte dos concursados da sa\u00fade e de outras \u00e1reas do executivo que esperam nomea\u00e7\u00f5es no ano de 2024. Ibaneis e sua base retiraram da vota\u00e7\u00e3o a derrubada dos vetos \u00e0s emendas \u00e0 Lei de Diretrizes Or\u00e7ament\u00e1rias (LDO) \u2013 n\u00ba 7313\/ 23 &#8211; que garantem nomea\u00e7\u00f5es de servidores para \u00e1reas priorit\u00e1rias como sa\u00fade, educa\u00e7\u00e3o, assist\u00eancia social e seguran\u00e7a.\u00a0<\/span><\/p>\n<p>&nbsp;<\/p>\n<p><span style=\"font-weight: 400\">Quem acompanha os notici\u00e1rios ou procura uma unidade para atendimento sabe que a sa\u00fade p\u00fablica do DF est\u00e1 um caos. O d\u00e9ficit de servidores da sa\u00fade \u00e9 um dos principais problemas a serem enfrentados. Nos tr\u00eas n\u00edveis de aten\u00e7\u00e3o \u00e0 sa\u00fade, o d\u00e9ficit \u00e9 de mais de mil enfermeiros e de 5 mil t\u00e9cnicos de enfermagem. Por outro lado, a proposta de nomea\u00e7\u00f5es encaminhada pelo governo em projeto de LDO foi de apenas 200 t\u00e9cnicos de enfermagem e 250 enfermeiros, n\u00famero insuficiente para sanar o d\u00e9ficit destes profissionais.\u00a0<\/span><\/p>\n<p>&nbsp;<\/p>\n<p><span style=\"font-weight: 400\">No Projeto de Lei Or\u00e7ament\u00e1ria Anual (PLOA) de 2024 \u2013 n\u00ba 613\/2023 -, o GDF n\u00e3o aponta investimentos para aten\u00e7\u00e3o prim\u00e1ria em sa\u00fade (APS), respons\u00e1vel por acolher e ordenar as demandas de assist\u00eancia das regi\u00f5es de sa\u00fade do DF. O vazio assistencial nos territ\u00f3rios da cidade se aproxima de 40% do total das regi\u00f5es administrativas da cidade. O n\u00famero de Unidades B\u00e1sicas de Sa\u00fade (UBS) \u00e9 insuficiente para atender a popula\u00e7\u00e3o e as Equipes de Sa\u00fade da Fam\u00edlia (ESF) s\u00e3o pressionadas pelas demandas espont\u00e2neas emergenciais.\u00a0<\/span><\/p>\n<p>&nbsp;<\/p>\n<p><span style=\"font-weight: 400\">O (PLOA) apenas prev\u00ea como metas e prioridades para 2024 a Constru\u00e7\u00e3o de Unidades de Aten\u00e7\u00e3o Especializada (Hospital do Recanto das Emas, Hospital de Especialidades Cir\u00fargicas e Centro Oncol\u00f3gico, Hospital de S\u00e3o Sebasti\u00e3o, Hospital Cl\u00ednico Ortop\u00e9dico do Guar\u00e1 e Hospital do Gama); Instituto de Gest\u00e3o Estrat\u00e9gica de Sa\u00fade do DF (IGESDF); Hospital da Crian\u00e7a; al\u00e9m da Aquisi\u00e7\u00e3o Medicamentos e Alimenta\u00e7\u00e3o Hospitalar.\u00a0\u00a0<\/span><\/p>\n<p>&nbsp;<\/p>\n<p><span style=\"font-weight: 400\">A proposta de investimento em hospitais e aten\u00e7\u00e3o especializada sem a oferta de cobertura necess\u00e1ria da APS aos territ\u00f3rios n\u00e3o \u00e9 eficaz e sinaliza para uma l\u00f3gica de fragmenta\u00e7\u00e3o da rede assistencial. Ibaneis j\u00e1 deixou claro que tem interesse em ampliar o modelo de terceiriza\u00e7\u00e3o da gest\u00e3o dos servi\u00e7os de sa\u00fade com o IGESDF. Com a amplia\u00e7\u00e3o dos recursos para o instituto previsto em LOA, n\u00e3o \u00e9 dif\u00edcil imaginar que a gest\u00e3o dos novos hospitais ser\u00e1 terceirizada.\u00a0<\/span><\/p>\n<p>&nbsp;<\/p>\n<p><span style=\"font-weight: 400\">Acontece que o IGESDF n\u00e3o se consolidou como instrumento eficaz de gest\u00e3o. \u00c9 inequ\u00edvoco o processo de fragmenta\u00e7\u00e3o da rede assistencial p\u00fablica. O sistema de refer\u00eancia e contrarrefer\u00eancia foi comprometido, a alta complexidade n\u00e3o consegue drenar as demandas por especialidades, as Unidades de Pronto Atendimento (UPAs) n\u00e3o cumprem sua fun\u00e7\u00e3o e est\u00e3o abarrotadas de pacientes graves, e as<\/span><span style=\"font-weight: 400\"> UBSs t\u00eam absorvido uma parte expressiva das demandas emergenciais da rede.<\/span><\/p>\n<p>&nbsp;<\/p>\n<p><span style=\"font-weight: 400\">Em rela\u00e7\u00e3o \u00e0 Sa\u00fade Mental, a situa\u00e7\u00e3o tende a piorar. N\u00e3o h\u00e1 previs\u00e3o de financiamento para constru\u00e7\u00e3o de Centros de Aten\u00e7\u00e3o Psicossocial (CAPS) nem para as inexistentes Resid\u00eancias Terap\u00eauticas. A proposta de constru\u00e7\u00e3o de uma rede de aten\u00e7\u00e3o psicossocial no DF eficaz segue cada vez mais distante. Enquanto isso, a sa\u00fade do DF mant\u00e9m uma estrutura manicomial ativa e a l\u00f3gica institucionaliza\u00e7\u00e3o dos pacientes.<\/span><\/p>\n<p>&nbsp;<\/p>\n<p><span style=\"font-weight: 400\">N\u00e3o \u00e9 exagero dizer que Ibaneis se prepara para ampliar a terceiriza\u00e7\u00e3o da sa\u00fade do DF. Se n\u00e3o h\u00e1 investimentos para a infraestrutura das unidades b\u00e1sicas e hospitalares que est\u00e3o sob responsabilidade da gest\u00e3o direta da SES, o mais prov\u00e1vel \u00e9 que haja transfer\u00eancia de recursos para a gest\u00e3o terceirizada da sa\u00fade.\u00a0<\/span><\/p>\n<p>&nbsp;<\/p>\n<p><span style=\"font-weight: 400\">\u00c9 necess\u00e1rio, portanto, que os servidores e os sindicatos exijam do GDF o investimento em nomea\u00e7\u00e3o e qualifica\u00e7\u00e3o dos servidores, na amplia\u00e7\u00e3o e reforma das unidades b\u00e1sicas e hospitais, e na organiza\u00e7\u00e3o da rede assistencial para superar a crise na sa\u00fade. S\u00e3o in\u00fameras \u00e1reas com vazios assistenciais, territorializa\u00e7\u00e3o inacabada e n\u00famero insuficiente de equipes, o que proporciona uma intensa sobrecarga nos servidores da APS. Al\u00e9m do mais, muitos Enfermeiros generalistas do concurso de 2022 est\u00e3o aguardando a nomea\u00e7\u00e3o para os n\u00edveis secund\u00e1rio e terci\u00e1rio de aten\u00e7\u00e3o \u00e0 sa\u00fade.\u00a0<\/span><\/p>\n<p>&nbsp;<\/p>\n","protected":false},"excerpt":{"rendered":"<p>Qual o projeto de Ibaneis para a sa\u00fade p\u00fablica do DF em 2024? Por Jorge Henrique de Sousa Presidente do SindeEnfermeiro &#8211; DF A \u00faltima sess\u00e3o da c\u00e2mara legislativa do Distrito Federal (CLDF) de 2023, dia 13, frustrou parte dos concursados da sa\u00fade e de outras \u00e1reas do executivo que esperam nomea\u00e7\u00f5es no ano de [&hellip;]<\/p>\n","protected":false},"author":6,"featured_media":44265,"comment_status":"open","ping_status":"open","sticky":false,"template":"","format":"standard","meta":{"footnotes":""},"categories":[6],"tags":[],"class_list":["post-44261","post","type-post","status-publish","format-standard","has-post-thumbnail","hentry","category-noticias"],"_links":{"self":[{"href":"https:\/\/sindenfermeiro.com.br\/index.php\/wp-json\/wp\/v2\/posts\/44261","targetHints":{"allow":["GET"]}}],"collection":[{"href":"https:\/\/sindenfermeiro.com.br\/index.php\/wp-json\/wp\/v2\/posts"}],"about":[{"href":"https:\/\/sindenfermeiro.com.br\/index.php\/wp-json\/wp\/v2\/types\/post"}],"author":[{"embeddable":true,"href":"https:\/\/sindenfermeiro.com.br\/index.php\/wp-json\/wp\/v2\/users\/6"}],"replies":[{"embeddable":true,"href":"https:\/\/sindenfermeiro.com.br\/index.php\/wp-json\/wp\/v2\/comments?post=44261"}],"version-history":[{"count":9,"href":"https:\/\/sindenfermeiro.com.br\/index.php\/wp-json\/wp\/v2\/posts\/44261\/revisions"}],"predecessor-version":[{"id":44273,"href":"https:\/\/sindenfermeiro.com.br\/index.php\/wp-json\/wp\/v2\/posts\/44261\/revisions\/44273"}],"wp:featuredmedia":[{"embeddable":true,"href":"https:\/\/sindenfermeiro.com.br\/index.php\/wp-json\/wp\/v2\/media\/44265"}],"wp:attachment":[{"href":"https:\/\/sindenfermeiro.com.br\/index.php\/wp-json\/wp\/v2\/media?parent=44261"}],"wp:term":[{"taxonomy":"category","embeddable":true,"href":"https:\/\/sindenfermeiro.com.br\/index.php\/wp-json\/wp\/v2\/categories?post=44261"},{"taxonomy":"post_tag","embeddable":true,"href":"https:\/\/sindenfermeiro.com.br\/index.php\/wp-json\/wp\/v2\/tags?post=44261"}],"curies":[{"name":"wp","href":"https:\/\/api.w.org\/{rel}","templated":true}]}}