{"id":44255,"date":"2023-12-18T13:00:21","date_gmt":"2023-12-18T16:00:21","guid":{"rendered":"https:\/\/sindenfermeiro.com.br\/?p=44255"},"modified":"2026-04-29T10:31:11","modified_gmt":"2026-04-29T13:31:11","slug":"44255","status":"publish","type":"post","link":"https:\/\/sindenfermeiro.com.br\/index.php\/2023\/12\/18\/44255\/","title":{"rendered":"Convoca\u00e7\u00e3o para assembleia com enfermeiras e os enfermeiros da Rede Privada"},"content":{"rendered":"<p>\ud83d\udea8O Sindicato dos Enfermeiros do DF convoca as enfermeiras e os enfermeiros da Rede Privada a PARTICIPAREM da assembleia geral, que ser\u00e1 realizada no dia 20, na quarta-feira (20), \u00e0s 14h, em primeira chamada, de forma presencial, no audit\u00f3rio do SindEnfermeiro-DF<\/p>\n<p>PAUTA: Piso Salarial da Enfermagem<\/p>\n<p>\ud83d\uddd3\ufe0f 20 de dezembro<br \/>\n\ud83d\udd6214h<br \/>\n\ud83d\udccdAudit\u00f3rio do SindEnfermeiro-DF<\/p>\n<p><img loading=\"lazy\" decoding=\"async\" class=\"alignnone size-medium wp-image-44256\" src=\"https:\/\/sindenfermeiro.com.br\/wp-content\/uploads\/2023\/12\/Dia-19-de-Abril-12-240x300.jpg\" alt=\"\" width=\"240\" height=\"300\" srcset=\"https:\/\/sindenfermeiro.com.br\/wp-content\/uploads\/2023\/12\/Dia-19-de-Abril-12-240x300.jpg 240w, https:\/\/sindenfermeiro.com.br\/wp-content\/uploads\/2023\/12\/Dia-19-de-Abril-12-819x1024.jpg 819w, https:\/\/sindenfermeiro.com.br\/wp-content\/uploads\/2023\/12\/Dia-19-de-Abril-12-768x960.jpg 768w, https:\/\/sindenfermeiro.com.br\/wp-content\/uploads\/2023\/12\/Dia-19-de-Abril-12.jpg 1080w\" sizes=\"auto, (max-width: 240px) 100vw, 240px\" \/><\/p>\n","protected":false},"excerpt":{"rendered":"<p>\ud83d\udea8O Sindicato dos Enfermeiros do DF convoca as enfermeiras e os enfermeiros da Rede Privada a PARTICIPAREM da assembleia geral, que ser\u00e1 realizada no dia 20, na quarta-feira (20), \u00e0s 14h, em primeira chamada, de forma presencial, no audit\u00f3rio do SindEnfermeiro-DF PAUTA: Piso Salarial da Enfermagem \ud83d\uddd3\ufe0f 20 de dezembro \ud83d\udd6214h \ud83d\udccdAudit\u00f3rio do SindEnfermeiro-DF<\/p>\n","protected":false},"author":6,"featured_media":44256,"comment_status":"open","ping_status":"open","sticky":false,"template":"","format":"standard","meta":{"footnotes":""},"categories":[6],"tags":[],"class_list":["post-44255","post","type-post","status-publish","format-standard","has-post-thumbnail","hentry","category-noticias"],"_links":{"self":[{"href":"https:\/\/sindenfermeiro.com.br\/index.php\/wp-json\/wp\/v2\/posts\/44255","targetHints":{"allow":["GET"]}}],"collection":[{"href":"https:\/\/sindenfermeiro.com.br\/index.php\/wp-json\/wp\/v2\/posts"}],"about":[{"href":"https:\/\/sindenfermeiro.com.br\/index.php\/wp-json\/wp\/v2\/types\/post"}],"author":[{"embeddable":true,"href":"https:\/\/sindenfermeiro.com.br\/index.php\/wp-json\/wp\/v2\/users\/6"}],"replies":[{"embeddable":true,"href":"https:\/\/sindenfermeiro.com.br\/index.php\/wp-json\/wp\/v2\/comments?post=44255"}],"version-history":[{"count":3,"href":"https:\/\/sindenfermeiro.com.br\/index.php\/wp-json\/wp\/v2\/posts\/44255\/revisions"}],"predecessor-version":[{"id":44259,"href":"https:\/\/sindenfermeiro.com.br\/index.php\/wp-json\/wp\/v2\/posts\/44255\/revisions\/44259"}],"wp:featuredmedia":[{"embeddable":true,"href":"https:\/\/sindenfermeiro.com.br\/index.php\/wp-json\/wp\/v2\/media\/44256"}],"wp:attachment":[{"href":"https:\/\/sindenfermeiro.com.br\/index.php\/wp-json\/wp\/v2\/media?parent=44255"}],"wp:term":[{"taxonomy":"category","embeddable":true,"href":"https:\/\/sindenfermeiro.com.br\/index.php\/wp-json\/wp\/v2\/categories?post=44255"},{"taxonomy":"post_tag","embeddable":true,"href":"https:\/\/sindenfermeiro.com.br\/index.php\/wp-json\/wp\/v2\/tags?post=44255"}],"curies":[{"name":"wp","href":"https:\/\/api.w.org\/{rel}","templated":true}]}}