{"id":44249,"date":"2023-12-15T11:37:09","date_gmt":"2023-12-15T14:37:09","guid":{"rendered":"https:\/\/sindenfermeiro.com.br\/?p=44249"},"modified":"2026-04-29T12:00:57","modified_gmt":"2026-04-29T15:00:57","slug":"a-luta-pela-derrubada-dos-vetos-do-anexo-iv-da-ldo-e-prioridade-em-2024","status":"publish","type":"post","link":"https:\/\/sindenfermeiro.com.br\/index.php\/2023\/12\/15\/a-luta-pela-derrubada-dos-vetos-do-anexo-iv-da-ldo-e-prioridade-em-2024\/","title":{"rendered":"A luta pela derrubada dos vetos do Anexo IV da LDO \u00e9 prioridade em 2024"},"content":{"rendered":"<p><img loading=\"lazy\" decoding=\"async\" class=\"wp-image-44253 aligncenter\" src=\"https:\/\/sindenfermeiro.com.br\/wp-content\/uploads\/2023\/12\/unnamed-300x200.jpg\" alt=\"\" width=\"818\" height=\"545\" srcset=\"https:\/\/sindenfermeiro.com.br\/wp-content\/uploads\/2023\/12\/unnamed-300x200.jpg 300w, https:\/\/sindenfermeiro.com.br\/wp-content\/uploads\/2023\/12\/unnamed-1024x682.jpg 1024w, https:\/\/sindenfermeiro.com.br\/wp-content\/uploads\/2023\/12\/unnamed-768x512.jpg 768w, https:\/\/sindenfermeiro.com.br\/wp-content\/uploads\/2023\/12\/unnamed-1536x1023.jpg 1536w, https:\/\/sindenfermeiro.com.br\/wp-content\/uploads\/2023\/12\/unnamed.jpg 1600w\" sizes=\"auto, (max-width: 818px) 100vw, 818px\" \/><\/p>\n<p>&nbsp;<\/p>\n<p>A diretoria do Sindicato dos Enfermeiros do DF (SindEnfermeiro-DF) manifesta rep\u00fadio aos deputados distritais que se recusaram a votar os vetos ao Anexo IV da Lei de Diretrizes Or\u00e7ament\u00e1rias (LDO) de 2024. Infelizmente por 15 votos a 8, os distritais aprovaram pelo adiamento da vota\u00e7\u00e3o.<\/p>\n<p>A derrubada dos vetos autorizaria o GDF a criar cargos nos \u00f3rg\u00e3os p\u00fablicos, nomear novos servidores e reajustar sal\u00e1rios. E n\u00e3o manter o que prev\u00ea a LDO, a contra\u00e7\u00e3o de apenas 250 enfermeiros.<\/p>\n<p>J\u00e1 \u00e9 de conhecimento de todos que a enfermagem est\u00e1 doente. Hoje, o d\u00e9ficit em hospitais \u00e9 de 1.400 enfermeiros na assist\u00eancia. A sobrecarga de trabalho pela falta de RH adoeceu 19% dos profissionais de sa\u00fade. A pasta registrou 10 mil atestados nos primeiros 4 meses de 2023, segundo mat\u00e9ria do Metr\u00f3poles.<\/p>\n<p>Para a entidade \u00e9 necess\u00e1ria mais nomea\u00e7\u00f5es. A sa\u00fade vive um caos, com profissionais sofrendo viol\u00eancia f\u00edsica e verbal por conta da falta de atendimento, falta de exames e procedimentos.<\/p>\n<p>A partir de 1\u00ba de fevereiro, quando a C\u00e2mara Legislativa reiniciar seus trabalhos, a press\u00e3o do SindEnfermeiro-DF voltar\u00e1 com for\u00e7a total pela derrubada dos vetos. Este \u00e9 um grande compromisso de luta de 2024.<\/p>\n<p>&nbsp;<\/p>\n<p><em>Por Camila Piacesi<\/em><\/p>\n<p>&nbsp;<\/p>\n<p><img loading=\"lazy\" decoding=\"async\" class=\"wp-image-44252 aligncenter\" src=\"https:\/\/sindenfermeiro.com.br\/wp-content\/uploads\/2023\/12\/WhatsApp-Image-2023-12-15-at-11.29.01-300x225.jpeg\" alt=\"\" width=\"523\" height=\"392\" srcset=\"https:\/\/sindenfermeiro.com.br\/wp-content\/uploads\/2023\/12\/WhatsApp-Image-2023-12-15-at-11.29.01-300x225.jpeg 300w, https:\/\/sindenfermeiro.com.br\/wp-content\/uploads\/2023\/12\/WhatsApp-Image-2023-12-15-at-11.29.01-1024x768.jpeg 1024w, https:\/\/sindenfermeiro.com.br\/wp-content\/uploads\/2023\/12\/WhatsApp-Image-2023-12-15-at-11.29.01-768x576.jpeg 768w, https:\/\/sindenfermeiro.com.br\/wp-content\/uploads\/2023\/12\/WhatsApp-Image-2023-12-15-at-11.29.01-1536x1152.jpeg 1536w, https:\/\/sindenfermeiro.com.br\/wp-content\/uploads\/2023\/12\/WhatsApp-Image-2023-12-15-at-11.29.01.jpeg 1600w\" sizes=\"auto, (max-width: 523px) 100vw, 523px\" \/><\/p>\n<p>&nbsp;<\/p>\n<p><img loading=\"lazy\" decoding=\"async\" class=\" wp-image-44251 aligncenter\" src=\"https:\/\/sindenfermeiro.com.br\/wp-content\/uploads\/2023\/12\/WhatsApp-Image-2023-12-15-at-11.29.18-300x225.jpeg\" alt=\"\" width=\"536\" height=\"402\" srcset=\"https:\/\/sindenfermeiro.com.br\/wp-content\/uploads\/2023\/12\/WhatsApp-Image-2023-12-15-at-11.29.18-300x225.jpeg 300w, https:\/\/sindenfermeiro.com.br\/wp-content\/uploads\/2023\/12\/WhatsApp-Image-2023-12-15-at-11.29.18-1024x768.jpeg 1024w, https:\/\/sindenfermeiro.com.br\/wp-content\/uploads\/2023\/12\/WhatsApp-Image-2023-12-15-at-11.29.18-768x576.jpeg 768w, https:\/\/sindenfermeiro.com.br\/wp-content\/uploads\/2023\/12\/WhatsApp-Image-2023-12-15-at-11.29.18-1536x1152.jpeg 1536w, https:\/\/sindenfermeiro.com.br\/wp-content\/uploads\/2023\/12\/WhatsApp-Image-2023-12-15-at-11.29.18.jpeg 1600w\" sizes=\"auto, (max-width: 536px) 100vw, 536px\" \/><\/p>\n<p>&nbsp;<\/p>\n<p><img loading=\"lazy\" decoding=\"async\" class=\" wp-image-44250 aligncenter\" src=\"https:\/\/sindenfermeiro.com.br\/wp-content\/uploads\/2023\/12\/WhatsApp-Image-2023-12-15-at-11.29.29-225x300.jpeg\" alt=\"\" width=\"421\" height=\"561\" srcset=\"https:\/\/sindenfermeiro.com.br\/wp-content\/uploads\/2023\/12\/WhatsApp-Image-2023-12-15-at-11.29.29-225x300.jpeg 225w, https:\/\/sindenfermeiro.com.br\/wp-content\/uploads\/2023\/12\/WhatsApp-Image-2023-12-15-at-11.29.29-768x1024.jpeg 768w, https:\/\/sindenfermeiro.com.br\/wp-content\/uploads\/2023\/12\/WhatsApp-Image-2023-12-15-at-11.29.29-1152x1536.jpeg 1152w, https:\/\/sindenfermeiro.com.br\/wp-content\/uploads\/2023\/12\/WhatsApp-Image-2023-12-15-at-11.29.29.jpeg 1200w\" sizes=\"auto, (max-width: 421px) 100vw, 421px\" \/><\/p>\n","protected":false},"excerpt":{"rendered":"<p>&nbsp; A diretoria do Sindicato dos Enfermeiros do DF (SindEnfermeiro-DF) manifesta rep\u00fadio aos deputados distritais que se recusaram a votar os vetos ao Anexo IV da Lei de Diretrizes Or\u00e7ament\u00e1rias (LDO) de 2024. Infelizmente por 15 votos a 8, os distritais aprovaram pelo adiamento da vota\u00e7\u00e3o. A derrubada dos vetos autorizaria o GDF a criar [&hellip;]<\/p>\n","protected":false},"author":6,"featured_media":44253,"comment_status":"open","ping_status":"open","sticky":false,"template":"","format":"standard","meta":{"footnotes":""},"categories":[6],"tags":[912],"class_list":["post-44249","post","type-post","status-publish","format-standard","has-post-thumbnail","hentry","category-noticias","tag-camila-piacesi"],"_links":{"self":[{"href":"https:\/\/sindenfermeiro.com.br\/index.php\/wp-json\/wp\/v2\/posts\/44249","targetHints":{"allow":["GET"]}}],"collection":[{"href":"https:\/\/sindenfermeiro.com.br\/index.php\/wp-json\/wp\/v2\/posts"}],"about":[{"href":"https:\/\/sindenfermeiro.com.br\/index.php\/wp-json\/wp\/v2\/types\/post"}],"author":[{"embeddable":true,"href":"https:\/\/sindenfermeiro.com.br\/index.php\/wp-json\/wp\/v2\/users\/6"}],"replies":[{"embeddable":true,"href":"https:\/\/sindenfermeiro.com.br\/index.php\/wp-json\/wp\/v2\/comments?post=44249"}],"version-history":[{"count":2,"href":"https:\/\/sindenfermeiro.com.br\/index.php\/wp-json\/wp\/v2\/posts\/44249\/revisions"}],"predecessor-version":[{"id":44785,"href":"https:\/\/sindenfermeiro.com.br\/index.php\/wp-json\/wp\/v2\/posts\/44249\/revisions\/44785"}],"wp:featuredmedia":[{"embeddable":true,"href":"https:\/\/sindenfermeiro.com.br\/index.php\/wp-json\/wp\/v2\/media\/44253"}],"wp:attachment":[{"href":"https:\/\/sindenfermeiro.com.br\/index.php\/wp-json\/wp\/v2\/media?parent=44249"}],"wp:term":[{"taxonomy":"category","embeddable":true,"href":"https:\/\/sindenfermeiro.com.br\/index.php\/wp-json\/wp\/v2\/categories?post=44249"},{"taxonomy":"post_tag","embeddable":true,"href":"https:\/\/sindenfermeiro.com.br\/index.php\/wp-json\/wp\/v2\/tags?post=44249"}],"curies":[{"name":"wp","href":"https:\/\/api.w.org\/{rel}","templated":true}]}}