{"id":44246,"date":"2023-12-15T10:35:26","date_gmt":"2023-12-15T13:35:26","guid":{"rendered":"https:\/\/sindenfermeiro.com.br\/?p=44246"},"modified":"2026-04-29T11:58:08","modified_gmt":"2026-04-29T14:58:08","slug":"categoria-decide-apresentar-contraproposta-ao-act-do-iges-df","status":"publish","type":"post","link":"https:\/\/sindenfermeiro.com.br\/index.php\/2023\/12\/15\/categoria-decide-apresentar-contraproposta-ao-act-do-iges-df\/","title":{"rendered":"Categoria decide apresentar contraproposta ao ACT do IGES-DF"},"content":{"rendered":"<p>Ontem (14\/12\/2023), em uma assembleia composta por 49 pessoas, convocada pelo Sindicato dos Enfermeiros do DF (SindEnfermeiro-DF), a categoria decidiu apresentar uma contraproposta ao Acordo Coletivo de Trabalho do Instituto de Gest\u00e3o Estrat\u00e9gica de Sa\u00fade (IGES-DF).<\/p>\n<p>Durante a assembleia que foi em formato online, pelo Zoom, foram debatidas v\u00e1rias cl\u00e1usulas, que ser\u00e3o apresentadas aos representantes do IGES. Entre as delibera\u00e7\u00f5es, vale destacar que a entidade ir\u00e1 propor reajuste salarial com base no tempo de servi\u00e7o, al\u00e9m de reivindicar um plano de cargos, carreira e sal\u00e1rios, que possa contemplar a categoria com reajustes salariais justos e de acordo com o tempo de servi\u00e7o de cada um.<\/p>\n","protected":false},"excerpt":{"rendered":"<p>Ontem (14\/12\/2023), em uma assembleia composta por 49 pessoas, convocada pelo Sindicato dos Enfermeiros do DF (SindEnfermeiro-DF), a categoria decidiu apresentar uma contraproposta ao Acordo Coletivo de Trabalho do Instituto de Gest\u00e3o Estrat\u00e9gica de Sa\u00fade (IGES-DF). Durante a assembleia que foi em formato online, pelo Zoom, foram debatidas v\u00e1rias cl\u00e1usulas, que ser\u00e3o apresentadas aos representantes [&hellip;]<\/p>\n","protected":false},"author":6,"featured_media":44247,"comment_status":"open","ping_status":"open","sticky":false,"template":"","format":"standard","meta":{"footnotes":""},"categories":[6],"tags":[],"class_list":["post-44246","post","type-post","status-publish","format-standard","has-post-thumbnail","hentry","category-noticias"],"_links":{"self":[{"href":"https:\/\/sindenfermeiro.com.br\/index.php\/wp-json\/wp\/v2\/posts\/44246","targetHints":{"allow":["GET"]}}],"collection":[{"href":"https:\/\/sindenfermeiro.com.br\/index.php\/wp-json\/wp\/v2\/posts"}],"about":[{"href":"https:\/\/sindenfermeiro.com.br\/index.php\/wp-json\/wp\/v2\/types\/post"}],"author":[{"embeddable":true,"href":"https:\/\/sindenfermeiro.com.br\/index.php\/wp-json\/wp\/v2\/users\/6"}],"replies":[{"embeddable":true,"href":"https:\/\/sindenfermeiro.com.br\/index.php\/wp-json\/wp\/v2\/comments?post=44246"}],"version-history":[{"count":1,"href":"https:\/\/sindenfermeiro.com.br\/index.php\/wp-json\/wp\/v2\/posts\/44246\/revisions"}],"predecessor-version":[{"id":44248,"href":"https:\/\/sindenfermeiro.com.br\/index.php\/wp-json\/wp\/v2\/posts\/44246\/revisions\/44248"}],"wp:featuredmedia":[{"embeddable":true,"href":"https:\/\/sindenfermeiro.com.br\/index.php\/wp-json\/wp\/v2\/media\/44247"}],"wp:attachment":[{"href":"https:\/\/sindenfermeiro.com.br\/index.php\/wp-json\/wp\/v2\/media?parent=44246"}],"wp:term":[{"taxonomy":"category","embeddable":true,"href":"https:\/\/sindenfermeiro.com.br\/index.php\/wp-json\/wp\/v2\/categories?post=44246"},{"taxonomy":"post_tag","embeddable":true,"href":"https:\/\/sindenfermeiro.com.br\/index.php\/wp-json\/wp\/v2\/tags?post=44246"}],"curies":[{"name":"wp","href":"https:\/\/api.w.org\/{rel}","templated":true}]}}