{"id":44215,"date":"2023-12-13T14:13:51","date_gmt":"2023-12-13T17:13:51","guid":{"rendered":"https:\/\/sindenfermeiro.com.br\/?p=44215"},"modified":"2026-04-29T11:57:07","modified_gmt":"2026-04-29T14:57:07","slug":"ato-da-5a-conferencia-nacional-de-saude-mental","status":"publish","type":"post","link":"https:\/\/sindenfermeiro.com.br\/index.php\/2023\/12\/13\/ato-da-5a-conferencia-nacional-de-saude-mental\/","title":{"rendered":"Ato da 5\u00aa Confer\u00eancia Nacional de Sa\u00fade Mental"},"content":{"rendered":"<p>O Sindicato dos Enfermeiros do DF (SindEnfermeiro-DF), representado pelo presidente Jorge Henrique, pela diretora \u00darsula Neponoceno e pelo diretor Rangel Fernandes, participou do ato contra as comunidades terap\u00eauticas nesta manh\u00e3 (13\/12\/23). Isso faz parte das atividades da 5\u00aa Confer\u00eancia Nacional de Sa\u00fade Mental, iniciada na segunda-feira (11\/12\/23) em Bras\u00edlia.<\/p>\n<p>Jorge Henrique enfatizou que a entidade est\u00e1 refor\u00e7ando a luta pelos preceitos da Reforma da Psiquiatria de 2021 e pela Luta Antimanicomial. &#8220;Estamos lutando para que o governo invista em CAPS e Resid\u00eancias Terap\u00eauticas, possibilitando a transi\u00e7\u00e3o do modelo manicomial para a Rede de Aten\u00e7\u00e3o Psicossocial, com estrutura capaz de atender \u00e0 popula\u00e7\u00e3o.&#8221;<\/p>\n<p>O tema discutido na Confer\u00eancia este ano \u00e9 &#8220;A pol\u00edtica de Sa\u00fade Mental como Direito: pela defesa do cuidado em liberdade, rumo a avan\u00e7os e garantia dos servi\u00e7os de aten\u00e7\u00e3o psicossocial no SUS.&#8221;<\/p>\n<p>A Confer\u00eancia, um espa\u00e7o de debate que re\u00fane aproximadamente 3 mil pessoas de diversos segmentos da sociedade, provenientes de todos os estados do Brasil, busca promover avan\u00e7os e garantir servi\u00e7os de aten\u00e7\u00e3o psicossocial no SUS.<\/p>\n<p><a href=\"https:\/\/www.flickr.com\/photos\/158926957@N08\/albums\/72177720313355226\">Veja as fotos do ato<\/a><\/p>\n<p>&nbsp;<\/p>\n<p><em>Por Camila Piacesi<\/em><\/p>\n","protected":false},"excerpt":{"rendered":"<p>O Sindicato dos Enfermeiros do DF (SindEnfermeiro-DF), representado pelo presidente Jorge Henrique, pela diretora \u00darsula Neponoceno e pelo diretor Rangel Fernandes, participou do ato contra as comunidades terap\u00eauticas nesta manh\u00e3 (13\/12\/23). Isso faz parte das atividades da 5\u00aa Confer\u00eancia Nacional de Sa\u00fade Mental, iniciada na segunda-feira (11\/12\/23) em Bras\u00edlia. Jorge Henrique enfatizou que a entidade [&hellip;]<\/p>\n","protected":false},"author":6,"featured_media":44231,"comment_status":"open","ping_status":"open","sticky":false,"template":"","format":"standard","meta":{"footnotes":""},"categories":[6],"tags":[],"class_list":["post-44215","post","type-post","status-publish","format-standard","has-post-thumbnail","hentry","category-noticias"],"_links":{"self":[{"href":"https:\/\/sindenfermeiro.com.br\/index.php\/wp-json\/wp\/v2\/posts\/44215","targetHints":{"allow":["GET"]}}],"collection":[{"href":"https:\/\/sindenfermeiro.com.br\/index.php\/wp-json\/wp\/v2\/posts"}],"about":[{"href":"https:\/\/sindenfermeiro.com.br\/index.php\/wp-json\/wp\/v2\/types\/post"}],"author":[{"embeddable":true,"href":"https:\/\/sindenfermeiro.com.br\/index.php\/wp-json\/wp\/v2\/users\/6"}],"replies":[{"embeddable":true,"href":"https:\/\/sindenfermeiro.com.br\/index.php\/wp-json\/wp\/v2\/comments?post=44215"}],"version-history":[{"count":2,"href":"https:\/\/sindenfermeiro.com.br\/index.php\/wp-json\/wp\/v2\/posts\/44215\/revisions"}],"predecessor-version":[{"id":44787,"href":"https:\/\/sindenfermeiro.com.br\/index.php\/wp-json\/wp\/v2\/posts\/44215\/revisions\/44787"}],"wp:featuredmedia":[{"embeddable":true,"href":"https:\/\/sindenfermeiro.com.br\/index.php\/wp-json\/wp\/v2\/media\/44231"}],"wp:attachment":[{"href":"https:\/\/sindenfermeiro.com.br\/index.php\/wp-json\/wp\/v2\/media?parent=44215"}],"wp:term":[{"taxonomy":"category","embeddable":true,"href":"https:\/\/sindenfermeiro.com.br\/index.php\/wp-json\/wp\/v2\/categories?post=44215"},{"taxonomy":"post_tag","embeddable":true,"href":"https:\/\/sindenfermeiro.com.br\/index.php\/wp-json\/wp\/v2\/tags?post=44215"}],"curies":[{"name":"wp","href":"https:\/\/api.w.org\/{rel}","templated":true}]}}