{"id":44212,"date":"2023-12-13T12:14:30","date_gmt":"2023-12-13T15:14:30","guid":{"rendered":"https:\/\/sindenfermeiro.com.br\/?p=44212"},"modified":"2026-04-29T13:12:06","modified_gmt":"2026-04-29T16:12:06","slug":"convocacao-para-assembleia-com-enfermeiras-e-os-enfermeiros-do-iges-df","status":"publish","type":"post","link":"https:\/\/sindenfermeiro.com.br\/index.php\/2023\/12\/13\/convocacao-para-assembleia-com-enfermeiras-e-os-enfermeiros-do-iges-df\/","title":{"rendered":"Convoca\u00e7\u00e3o para assembleia com enfermeiras e os enfermeiros do IGES-DF"},"content":{"rendered":"<p>O Sindicato dos Enfermeiros do DF convoca as enfermeiras e os enfermeiros do IGES-DF a PARTICIPAREM da assembleia geral, que ser\u00e1 realizada AMANH\u00c3, na quinta-feira (14), \u00e0s 14h30, em primeira chamada, em formato on-line, pelo aplicativo Zoom, por meio do link: <a href=\"https:\/\/us02web.zoom.us\/j\/87926742377\">https:\/\/us02web.zoom.us\/j\/87926742377<\/a><\/p>\n<p>PAUTA: Acordo Coletivo de Trabalho<\/p>\n<p>\ud83d\uddd3\ufe0f 13 de dezembro<br \/>\n\ud83d\udd6214h30<br \/>\n\ud83d\udccd<a href=\"https:\/\/us02web.zoom.us\/j\/87926742377\">https:\/\/us02web.zoom.us\/j\/87926742377<\/a><\/p>\n<p>&nbsp;<\/p>\n<p><img loading=\"lazy\" decoding=\"async\" class=\"alignnone wp-image-44213\" src=\"https:\/\/sindenfermeiro.com.br\/wp-content\/uploads\/2023\/12\/WhatsApp-Image-2023-12-07-at-17.10.50-1-240x300.jpeg\" alt=\"\" width=\"421\" height=\"526\" srcset=\"https:\/\/sindenfermeiro.com.br\/wp-content\/uploads\/2023\/12\/WhatsApp-Image-2023-12-07-at-17.10.50-1-240x300.jpeg 240w, https:\/\/sindenfermeiro.com.br\/wp-content\/uploads\/2023\/12\/WhatsApp-Image-2023-12-07-at-17.10.50-1-819x1024.jpeg 819w, https:\/\/sindenfermeiro.com.br\/wp-content\/uploads\/2023\/12\/WhatsApp-Image-2023-12-07-at-17.10.50-1-768x960.jpeg 768w, https:\/\/sindenfermeiro.com.br\/wp-content\/uploads\/2023\/12\/WhatsApp-Image-2023-12-07-at-17.10.50-1.jpeg 1080w\" sizes=\"auto, (max-width: 421px) 100vw, 421px\" \/><\/p>\n","protected":false},"excerpt":{"rendered":"<p>O Sindicato dos Enfermeiros do DF convoca as enfermeiras e os enfermeiros do IGES-DF a PARTICIPAREM da assembleia geral, que ser\u00e1 realizada AMANH\u00c3, na quinta-feira (14), \u00e0s 14h30, em primeira chamada, em formato on-line, pelo aplicativo Zoom, por meio do link: https:\/\/us02web.zoom.us\/j\/87926742377 PAUTA: Acordo Coletivo de Trabalho \ud83d\uddd3\ufe0f 13 de dezembro \ud83d\udd6214h30 \ud83d\udccdhttps:\/\/us02web.zoom.us\/j\/87926742377 &nbsp;<\/p>\n","protected":false},"author":6,"featured_media":44213,"comment_status":"open","ping_status":"open","sticky":false,"template":"","format":"standard","meta":{"footnotes":""},"categories":[6],"tags":[],"class_list":["post-44212","post","type-post","status-publish","format-standard","has-post-thumbnail","hentry","category-noticias"],"_links":{"self":[{"href":"https:\/\/sindenfermeiro.com.br\/index.php\/wp-json\/wp\/v2\/posts\/44212","targetHints":{"allow":["GET"]}}],"collection":[{"href":"https:\/\/sindenfermeiro.com.br\/index.php\/wp-json\/wp\/v2\/posts"}],"about":[{"href":"https:\/\/sindenfermeiro.com.br\/index.php\/wp-json\/wp\/v2\/types\/post"}],"author":[{"embeddable":true,"href":"https:\/\/sindenfermeiro.com.br\/index.php\/wp-json\/wp\/v2\/users\/6"}],"replies":[{"embeddable":true,"href":"https:\/\/sindenfermeiro.com.br\/index.php\/wp-json\/wp\/v2\/comments?post=44212"}],"version-history":[{"count":1,"href":"https:\/\/sindenfermeiro.com.br\/index.php\/wp-json\/wp\/v2\/posts\/44212\/revisions"}],"predecessor-version":[{"id":44214,"href":"https:\/\/sindenfermeiro.com.br\/index.php\/wp-json\/wp\/v2\/posts\/44212\/revisions\/44214"}],"wp:featuredmedia":[{"embeddable":true,"href":"https:\/\/sindenfermeiro.com.br\/index.php\/wp-json\/wp\/v2\/media\/44213"}],"wp:attachment":[{"href":"https:\/\/sindenfermeiro.com.br\/index.php\/wp-json\/wp\/v2\/media?parent=44212"}],"wp:term":[{"taxonomy":"category","embeddable":true,"href":"https:\/\/sindenfermeiro.com.br\/index.php\/wp-json\/wp\/v2\/categories?post=44212"},{"taxonomy":"post_tag","embeddable":true,"href":"https:\/\/sindenfermeiro.com.br\/index.php\/wp-json\/wp\/v2\/tags?post=44212"}],"curies":[{"name":"wp","href":"https:\/\/api.w.org\/{rel}","templated":true}]}}