{"id":44209,"date":"2023-11-08T16:34:38","date_gmt":"2023-11-08T19:34:38","guid":{"rendered":"https:\/\/sindenfermeiro.com.br\/?p=44209"},"modified":"2026-04-29T12:02:06","modified_gmt":"2026-04-29T15:02:06","slug":"fne-participa-de-reuniao-dos-ministerios-das-mulheres-e-do-desenvolvimento-e-assistencia-social-familia-e-combate-a-fome","status":"publish","type":"post","link":"https:\/\/sindenfermeiro.com.br\/index.php\/2023\/11\/08\/fne-participa-de-reuniao-dos-ministerios-das-mulheres-e-do-desenvolvimento-e-assistencia-social-familia-e-combate-a-fome\/","title":{"rendered":"FNE participa de reuni\u00e3o dos Minist\u00e9rios das Mulheres e do Desenvolvimento e Assist\u00eancia Social Fam\u00edlia e Combate \u00e0 Fome"},"content":{"rendered":"<p>O Minist\u00e9rio das Mulheres (MM) e o Minist\u00e9rio do Desenvolvimento e Assist\u00eancia Social, Fam\u00edlia e Combate \u00e0 Fome (MDS) coordenam o Grupo de Trabalho Interministerial (GTI Cuidados), institu\u00eddo pelo Decreto n\u00ba 11.460\/2023 que tem como objetivo a elabora\u00e7\u00e3o da Pol\u00edtica e do Plano Nacional de Cuidados.<\/p>\n<p>A representante da FNE, suplente do conselho Fiscal, Ursula Nepomoceno e diretora administrativa do SindEnfermeiro-DF, esteve na tarde do dia 07\/11\/2023 junto com outras mulheres, dirigentes das centrais sindicais de todo Brasil participando da roda de conversa e di\u00e1logo que tem como objetivo debater e integrar a contribui\u00e7\u00e3o de diferentes segmentos da sociedade sobre o ac\u00famulo do GTI de cuidado, nestes seis meses de trabalho, para a elabora\u00e7\u00e3o da pol\u00edtica e do plano.<\/p>\n<p>O Governo Federal abriu, na segunda-feira (30\/10), uma consulta p\u00fablica e um formul\u00e1rio eletr\u00f4nico para ouvir a sociedade, dispon\u00edvel at\u00e9 o dia 15 de dezembro, a consulta p\u00fablica amplia a discuss\u00e3o sobre o tema, assegurando a participa\u00e7\u00e3o da sociedade na constru\u00e7\u00e3o do marco conceitual e na elabora\u00e7\u00e3o do documento guia para as a\u00e7\u00f5es.<\/p>\n<p>Segundo a secret\u00e1ria nacional de Autonomia Econ\u00f4mica e Pol\u00edtica de Cuidados, Rosane Silva, v\u00e1rios pa\u00edses t\u00eam desenvolvido pol\u00edticas de cuidados.<br \/>\n&#8220;Esperamos, atrav\u00e9s desta consulta p\u00fablica, fortalecer o di\u00e1logo com diversos segmentos da sociedade para que a Pol\u00edtica Nacional de Cuidados responda efetivamente \u00e0s demandas e necessidades da popula\u00e7\u00e3o brasileira em toda a sua diversidade\u201d, completou La\u00eds Abramo, secret\u00e1ria nacional da Pol\u00edtica de Cuidados e Fam\u00edlia (SNCF) do Minist\u00e9rio do Desenvolvimento e Assist\u00eancia Social, Fam\u00edlia e Combate \u00e0 Fome (MDS).<\/p>\n<p>Com informa\u00e7\u00f5es do Minist\u00e9rio do Desenvolvimento e Assist\u00eancia Social, Fam\u00edlia e combate \u00e0 Fome<\/p>\n<p>Por Camila Piacesi<\/p>\n","protected":false},"excerpt":{"rendered":"<p>O Minist\u00e9rio das Mulheres (MM) e o Minist\u00e9rio do Desenvolvimento e Assist\u00eancia Social, Fam\u00edlia e Combate \u00e0 Fome (MDS) coordenam o Grupo de Trabalho Interministerial (GTI Cuidados), institu\u00eddo pelo Decreto n\u00ba 11.460\/2023 que tem como objetivo a elabora\u00e7\u00e3o da Pol\u00edtica e do Plano Nacional de Cuidados. A representante da FNE, suplente do conselho Fiscal, Ursula [&hellip;]<\/p>\n","protected":false},"author":6,"featured_media":44210,"comment_status":"open","ping_status":"open","sticky":false,"template":"","format":"standard","meta":{"footnotes":""},"categories":[6],"tags":[],"class_list":["post-44209","post","type-post","status-publish","format-standard","has-post-thumbnail","hentry","category-noticias"],"_links":{"self":[{"href":"https:\/\/sindenfermeiro.com.br\/index.php\/wp-json\/wp\/v2\/posts\/44209","targetHints":{"allow":["GET"]}}],"collection":[{"href":"https:\/\/sindenfermeiro.com.br\/index.php\/wp-json\/wp\/v2\/posts"}],"about":[{"href":"https:\/\/sindenfermeiro.com.br\/index.php\/wp-json\/wp\/v2\/types\/post"}],"author":[{"embeddable":true,"href":"https:\/\/sindenfermeiro.com.br\/index.php\/wp-json\/wp\/v2\/users\/6"}],"replies":[{"embeddable":true,"href":"https:\/\/sindenfermeiro.com.br\/index.php\/wp-json\/wp\/v2\/comments?post=44209"}],"version-history":[{"count":2,"href":"https:\/\/sindenfermeiro.com.br\/index.php\/wp-json\/wp\/v2\/posts\/44209\/revisions"}],"predecessor-version":[{"id":44800,"href":"https:\/\/sindenfermeiro.com.br\/index.php\/wp-json\/wp\/v2\/posts\/44209\/revisions\/44800"}],"wp:featuredmedia":[{"embeddable":true,"href":"https:\/\/sindenfermeiro.com.br\/index.php\/wp-json\/wp\/v2\/media\/44210"}],"wp:attachment":[{"href":"https:\/\/sindenfermeiro.com.br\/index.php\/wp-json\/wp\/v2\/media?parent=44209"}],"wp:term":[{"taxonomy":"category","embeddable":true,"href":"https:\/\/sindenfermeiro.com.br\/index.php\/wp-json\/wp\/v2\/categories?post=44209"},{"taxonomy":"post_tag","embeddable":true,"href":"https:\/\/sindenfermeiro.com.br\/index.php\/wp-json\/wp\/v2\/tags?post=44209"}],"curies":[{"name":"wp","href":"https:\/\/api.w.org\/{rel}","templated":true}]}}