{"id":44202,"date":"2023-12-13T11:33:04","date_gmt":"2023-12-13T14:33:04","guid":{"rendered":"https:\/\/sindenfermeiro.com.br\/?p=44202"},"modified":"2026-04-29T11:59:05","modified_gmt":"2026-04-29T14:59:05","slug":"ses-df-e-proibida-de-ampliar-estagio-probatorio-de-enfermeiros-que-usufruirem-de-licenca-maternidade-e-paternidade","status":"publish","type":"post","link":"https:\/\/sindenfermeiro.com.br\/index.php\/2023\/12\/13\/ses-df-e-proibida-de-ampliar-estagio-probatorio-de-enfermeiros-que-usufruirem-de-licenca-maternidade-e-paternidade\/","title":{"rendered":"SES-DF \u00e9 proibida de ampliar est\u00e1gio probat\u00f3rio de enfermeiros que usufru\u00edrem de licen\u00e7a maternidade e paternidade"},"content":{"rendered":"<p>Em 23 de novembro de 2023, a 1\u00aa Turma C\u00edvel do Tribunal de Justi\u00e7a do Distrito Federal deu provimento ao recurso interposto pelo Sindicato dos Enfermeiros e determinou que o Distrito Federal considere os afastamentos de licen\u00e7a maternidade\/paternidade pela classe dos enfermeiros do DF como efetivo exerc\u00edcio de trabalho, sem prorrogar ou estender o lapso temporal do est\u00e1gio probat\u00f3rio dos que a usufruem.<\/p>\n<p>O Desembargador relator Carlos Alberto Martins Filho pontuou que \u201cdeve-se dar<br \/>\nplena prote\u00e7\u00e3o, garantia e efetiva\u00e7\u00e3o do direito fundamental \u00e0 licen\u00e7a maternidade como<br \/>\nexpress\u00e3o da dignidade da mulher, da prote\u00e7\u00e3o da fam\u00edlia e da crian\u00e7a\u201d.<\/p>\n<p>\u201cAdemais, suspender o prazo do est\u00e1gio probat\u00f3rio e adiar a aquisi\u00e7\u00e3o da<br \/>\nestabilidade pode significar tratamento discriminat\u00f3rio \u00e0s mulheres, em ofensa ao art. 5\u00ba da CF, bem como intromiss\u00e3o indevida no planejamento familiar, tutelado no art. 226, \u00a7 7\u00ba, da CF (STF: RE 658.312\/SC)\u201d.<\/p>\n<p>Cumpre ressaltar que o Sindicato dos Enfermeiros interp\u00f4s novo recurso, que ainda carece de julgamento, para que outros afastamentos tamb\u00e9m n\u00e3o ampliem o est\u00e1gio probat\u00f3rio, como a licen\u00e7a m\u00e9dica, por exemplo.<\/p>\n<p>Fonte: 1\u00aa Turma C\u00edvel do Tribunal de Justi\u00e7a do Distrito Federal<\/p>\n","protected":false},"excerpt":{"rendered":"<p>Em 23 de novembro de 2023, a 1\u00aa Turma C\u00edvel do Tribunal de Justi\u00e7a do Distrito Federal deu provimento ao recurso interposto pelo Sindicato dos Enfermeiros e determinou que o Distrito Federal considere os afastamentos de licen\u00e7a maternidade\/paternidade pela classe dos enfermeiros do DF como efetivo exerc\u00edcio de trabalho, sem prorrogar ou estender o lapso [&hellip;]<\/p>\n","protected":false},"author":6,"featured_media":44203,"comment_status":"open","ping_status":"open","sticky":false,"template":"","format":"standard","meta":{"footnotes":""},"categories":[6],"tags":[],"class_list":["post-44202","post","type-post","status-publish","format-standard","has-post-thumbnail","hentry","category-noticias"],"_links":{"self":[{"href":"https:\/\/sindenfermeiro.com.br\/index.php\/wp-json\/wp\/v2\/posts\/44202","targetHints":{"allow":["GET"]}}],"collection":[{"href":"https:\/\/sindenfermeiro.com.br\/index.php\/wp-json\/wp\/v2\/posts"}],"about":[{"href":"https:\/\/sindenfermeiro.com.br\/index.php\/wp-json\/wp\/v2\/types\/post"}],"author":[{"embeddable":true,"href":"https:\/\/sindenfermeiro.com.br\/index.php\/wp-json\/wp\/v2\/users\/6"}],"replies":[{"embeddable":true,"href":"https:\/\/sindenfermeiro.com.br\/index.php\/wp-json\/wp\/v2\/comments?post=44202"}],"version-history":[{"count":1,"href":"https:\/\/sindenfermeiro.com.br\/index.php\/wp-json\/wp\/v2\/posts\/44202\/revisions"}],"predecessor-version":[{"id":44204,"href":"https:\/\/sindenfermeiro.com.br\/index.php\/wp-json\/wp\/v2\/posts\/44202\/revisions\/44204"}],"wp:featuredmedia":[{"embeddable":true,"href":"https:\/\/sindenfermeiro.com.br\/index.php\/wp-json\/wp\/v2\/media\/44203"}],"wp:attachment":[{"href":"https:\/\/sindenfermeiro.com.br\/index.php\/wp-json\/wp\/v2\/media?parent=44202"}],"wp:term":[{"taxonomy":"category","embeddable":true,"href":"https:\/\/sindenfermeiro.com.br\/index.php\/wp-json\/wp\/v2\/categories?post=44202"},{"taxonomy":"post_tag","embeddable":true,"href":"https:\/\/sindenfermeiro.com.br\/index.php\/wp-json\/wp\/v2\/tags?post=44202"}],"curies":[{"name":"wp","href":"https:\/\/api.w.org\/{rel}","templated":true}]}}