{"id":44196,"date":"2023-12-11T14:43:31","date_gmt":"2023-12-11T17:43:31","guid":{"rendered":"https:\/\/sindenfermeiro.com.br\/?p=44196"},"modified":"2026-04-29T11:57:07","modified_gmt":"2026-04-29T14:57:07","slug":"live-sobre-o-piso-salarial-da-enfermagem-do-sgtes","status":"publish","type":"post","link":"https:\/\/sindenfermeiro.com.br\/index.php\/2023\/12\/11\/live-sobre-o-piso-salarial-da-enfermagem-do-sgtes\/","title":{"rendered":"Live sobre o Piso Salarial da Enfermagem do SGTES"},"content":{"rendered":"<p>&nbsp;<\/p>\n<p>Acompanhe a Live sobre o Piso Salarial da Enfermagem do SGTES, secretaria do Minist\u00e9rio da Sa\u00fade que cuida do repasse do Piso. Essa live foi ao ar no dia 1\u00b0 de dezembro de 2023 com as<span class=\"yt-core-attributed-string--link-inherit-color\"> atualiza\u00e7\u00f5es relativas \u00e0 assist\u00eancia financeira complementar da uni\u00e3o e\u00a0 para sanar d\u00favidas de gestoras(es) e enfermeiras(os) sobre o tema. <\/span>A live contou com a participa\u00e7\u00e3o da <span class=\"yt-core-attributed-string--link-inherit-color\">secret\u00e1ria da SGTES\/MS, Isabela Pinto e do diretor do DEGERTS\/SGTES\/MS, Bruno Guimar\u00e3es.\u00a0<\/span><\/p>\n<p>&nbsp;<\/p>\n<p><span class=\"yt-core-attributed-string--link-inherit-color\">V\u00e1 para o trecho diretamente:<\/span><\/p>\n<p><span class=\"yt-core-attributed-string--link-inherit-color\"><a class=\"yt-core-attributed-string__link yt-core-attributed-string__link--display-type yt-core-attributed-string__link--call-to-action-color\" href=\"https:\/\/www.youtube.com\/watch?v=N60GoghMRCU&amp;t=0s\" target=\"\" rel=\"nofollow noopener\">00:00<\/a><\/span><span class=\"yt-core-attributed-string--link-inherit-color\"> Apresenta\u00e7\u00e3o de Isabela Pinto, secret\u00e1ria da SGTES\/MS <\/span><\/p>\n<p><span class=\"yt-core-attributed-string--link-inherit-color\"><a class=\"yt-core-attributed-string__link yt-core-attributed-string__link--display-type yt-core-attributed-string__link--call-to-action-color\" href=\"https:\/\/www.youtube.com\/watch?v=N60GoghMRCU&amp;t=26s\" target=\"\" rel=\"nofollow noopener\">00:26<\/a><\/span><span class=\"yt-core-attributed-string--link-inherit-color\"> Ida do Piso de Enfermagem para a SGTES<\/span><\/p>\n<p><span class=\"yt-core-attributed-string--link-inherit-color\"><a class=\"yt-core-attributed-string__link yt-core-attributed-string__link--display-type yt-core-attributed-string__link--call-to-action-color\" href=\"https:\/\/www.youtube.com\/watch?v=N60GoghMRCU&amp;t=39s\" target=\"\" rel=\"nofollow noopener\">00:39<\/a><\/span><span class=\"yt-core-attributed-string--link-inherit-color\"> Cria\u00e7\u00e3o da Coordena\u00e7\u00e3o-Geral de Pol\u00edticas Remunerat\u00f3rias do Trabalho na Sa\u00fade (CGPRETS) Nesta sexta-feira (1\u00ba\/12), a Secretaria de Gest\u00e3o do Trabalho e da Educa\u00e7\u00e3o na Sa\u00fade, do Minist\u00e9rio da Sa\u00fade, realiza uma live para apresenta\u00e7\u00e3o das atualiza\u00e7\u00f5es relativas \u00e0 assist\u00eancia financeira complementar da uni\u00e3o, conhecida como Piso Nacional da Enfermagem, e sanar d\u00favidas de gestoras(es) e enfermeiras(os) sobre o tema.<\/span><\/p>\n<p><span class=\"yt-core-attributed-string--link-inherit-color\"><a class=\"yt-core-attributed-string__link yt-core-attributed-string__link--display-type yt-core-attributed-string__link--call-to-action-color\" href=\"https:\/\/www.youtube.com\/watch?v=N60GoghMRCU&amp;t=95s\" target=\"\" rel=\"nofollow noopener\">01:35<\/a><\/span><span class=\"yt-core-attributed-string--link-inherit-color\"> Monitoramento e acompanhamento do Piso Nacional da Enfermagem <\/span><\/p>\n<p><span class=\"yt-core-attributed-string--link-inherit-color\"><a class=\"yt-core-attributed-string__link yt-core-attributed-string__link--display-type yt-core-attributed-string__link--call-to-action-color\" href=\"https:\/\/www.youtube.com\/watch?v=N60GoghMRCU&amp;t=155s\" target=\"\" rel=\"nofollow noopener\">02:35<\/a><\/span><span class=\"yt-core-attributed-string--link-inherit-color\"> Caravana do Piso Nacional da Enfermagem <\/span><\/p>\n<p><span class=\"yt-core-attributed-string--link-inherit-color\"><a class=\"yt-core-attributed-string__link yt-core-attributed-string__link--display-type yt-core-attributed-string__link--call-to-action-color\" href=\"https:\/\/www.youtube.com\/watch?v=N60GoghMRCU&amp;t=187s\" target=\"\" rel=\"nofollow noopener\">03:07<\/a><\/span><span class=\"yt-core-attributed-string--link-inherit-color\"> Apresenta\u00e7\u00e3o de Bruno Guimar\u00e3es, diretor do DEGERTS\/SGTES\/MS <\/span><\/p>\n<p><span class=\"yt-core-attributed-string--link-inherit-color\"><a class=\"yt-core-attributed-string__link yt-core-attributed-string__link--display-type yt-core-attributed-string__link--call-to-action-color\" href=\"https:\/\/www.youtube.com\/watch?v=N60GoghMRCU&amp;t=206s\" target=\"\" rel=\"nofollow noopener\">03:26<\/a><\/span><span class=\"yt-core-attributed-string--link-inherit-color\"> Piso da Enfermagem como estrat\u00e9gia para qualifica\u00e7\u00e3o do trabalho no SUS <\/span><\/p>\n<p><span class=\"yt-core-attributed-string--link-inherit-color\"><a class=\"yt-core-attributed-string__link yt-core-attributed-string__link--display-type yt-core-attributed-string__link--call-to-action-color\" href=\"https:\/\/www.youtube.com\/watch?v=N60GoghMRCU&amp;t=222s\" target=\"\" rel=\"nofollow noopener\">03:42<\/a><\/span><span class=\"yt-core-attributed-string--link-inherit-color\"> A enfermagem para o SUS <\/span><span class=\"yt-core-attributed-string--link-inherit-color\"><a class=\"yt-core-attributed-string__link yt-core-attributed-string__link--display-type yt-core-attributed-string__link--call-to-action-color\" href=\"https:\/\/www.youtube.com\/watch?v=N60GoghMRCU&amp;t=288s\" target=\"\" rel=\"nofollow noopener\">04:48<\/a><\/span><span class=\"yt-core-attributed-string--link-inherit-color\"> Piso concretiza uma melhoria na qualidade de vida das pessoas<\/span><\/p>\n<p><span class=\"yt-core-attributed-string--link-inherit-color\"><a class=\"yt-core-attributed-string__link yt-core-attributed-string__link--display-type yt-core-attributed-string__link--call-to-action-color\" href=\"https:\/\/www.youtube.com\/watch?v=N60GoghMRCU&amp;t=362s\" target=\"\" rel=\"nofollow noopener\">06:02<\/a><\/span><span class=\"yt-core-attributed-string--link-inherit-color\"> Defesa do trabalho decente e digno pela SGTES\/MS <\/span><\/p>\n<p><span class=\"yt-core-attributed-string--link-inherit-color\"><a class=\"yt-core-attributed-string__link yt-core-attributed-string__link--display-type yt-core-attributed-string__link--call-to-action-color\" href=\"https:\/\/www.youtube.com\/watch?v=N60GoghMRCU&amp;t=501s\" target=\"\" rel=\"nofollow noopener\">08:21<\/a><\/span><span class=\"yt-core-attributed-string--link-inherit-color\"> Apresenta\u00e7\u00e3o de F\u00e1bio Maia, coordenador-geral <\/span><\/p>\n<p><span class=\"yt-core-attributed-string--link-inherit-color\"><a class=\"yt-core-attributed-string__link yt-core-attributed-string__link--display-type yt-core-attributed-string__link--call-to-action-color\" href=\"https:\/\/www.youtube.com\/watch?v=N60GoghMRCU&amp;t=538s\" target=\"\" rel=\"nofollow noopener\">08:58<\/a><\/span><span class=\"yt-core-attributed-string--link-inherit-color\"> Diferen\u00e7a entre Piso da Enfermagem e a Assist\u00eancia Complementar Financeira <\/span><\/p>\n<p><span class=\"yt-core-attributed-string--link-inherit-color\"><a class=\"yt-core-attributed-string__link yt-core-attributed-string__link--display-type yt-core-attributed-string__link--call-to-action-color\" href=\"https:\/\/www.youtube.com\/watch?v=N60GoghMRCU&amp;t=598s\" target=\"\" rel=\"nofollow noopener\">09:58<\/a><\/span><span class=\"yt-core-attributed-string--link-inherit-color\"> Como \u00e9 feito o c\u00e1lculo no InvestSUS? <\/span><\/p>\n<p><span class=\"yt-core-attributed-string--link-inherit-color\"><a class=\"yt-core-attributed-string__link yt-core-attributed-string__link--display-type yt-core-attributed-string__link--call-to-action-color\" href=\"https:\/\/www.youtube.com\/watch?v=N60GoghMRCU&amp;t=608s\" target=\"\" rel=\"nofollow noopener\">10:08<\/a><\/span><span class=\"yt-core-attributed-string--link-inherit-color\"> O trabalhador tem direito ao Piso da Enfermagem <\/span><\/p>\n<p><span class=\"yt-core-attributed-string--link-inherit-color\"><a class=\"yt-core-attributed-string__link yt-core-attributed-string__link--display-type yt-core-attributed-string__link--call-to-action-color\" href=\"https:\/\/www.youtube.com\/watch?v=N60GoghMRCU&amp;t=616s\" target=\"\" rel=\"nofollow noopener\">10:16<\/a><\/span><span class=\"yt-core-attributed-string--link-inherit-color\"> A Uni\u00e3o faz o repasse do Piso da Enfermagem <\/span><\/p>\n<p><span class=\"yt-core-attributed-string--link-inherit-color\"><a class=\"yt-core-attributed-string__link yt-core-attributed-string__link--display-type yt-core-attributed-string__link--call-to-action-color\" href=\"https:\/\/www.youtube.com\/watch?v=N60GoghMRCU&amp;t=630s\" target=\"\" rel=\"nofollow noopener\">10:30<\/a><\/span><span class=\"yt-core-attributed-string--link-inherit-color\"> As parcelas de repasse do Minist\u00e9rio da Sa\u00fade <\/span><\/p>\n<p><span class=\"yt-core-attributed-string--link-inherit-color\"><a class=\"yt-core-attributed-string__link yt-core-attributed-string__link--display-type yt-core-attributed-string__link--call-to-action-color\" href=\"https:\/\/www.youtube.com\/watch?v=N60GoghMRCU&amp;t=692s\" target=\"\" rel=\"nofollow noopener\">11:32<\/a><\/span><span class=\"yt-core-attributed-string--link-inherit-color\"> A nona parcela <\/span><\/p>\n<p><span class=\"yt-core-attributed-string--link-inherit-color\"><a class=\"yt-core-attributed-string__link yt-core-attributed-string__link--display-type yt-core-attributed-string__link--call-to-action-color\" href=\"https:\/\/www.youtube.com\/watch?v=N60GoghMRCU&amp;t=740s\" target=\"\" rel=\"nofollow noopener\">12:20<\/a><\/span><span class=\"yt-core-attributed-string--link-inherit-color\"> Quantitativo de profissionais que receberam o repasse <\/span><\/p>\n<p><span class=\"yt-core-attributed-string--link-inherit-color\"><a class=\"yt-core-attributed-string__link yt-core-attributed-string__link--display-type yt-core-attributed-string__link--call-to-action-color\" href=\"https:\/\/www.youtube.com\/watch?v=N60GoghMRCU&amp;t=756s\" target=\"\" rel=\"nofollow noopener\">12:36<\/a><\/span><span class=\"yt-core-attributed-string--link-inherit-color\"> Or\u00e7amento para a parcela de dezembro <\/span><\/p>\n<p><span class=\"yt-core-attributed-string--link-inherit-color\"><a class=\"yt-core-attributed-string__link yt-core-attributed-string__link--display-type yt-core-attributed-string__link--call-to-action-color\" href=\"https:\/\/www.youtube.com\/watch?v=N60GoghMRCU&amp;t=772s\" target=\"\" rel=\"nofollow noopener\">12:52<\/a><\/span><span class=\"yt-core-attributed-string--link-inherit-color\"> Or\u00e7amento para 2024 <\/span><\/p>\n<p><span class=\"yt-core-attributed-string--link-inherit-color\"><a class=\"yt-core-attributed-string__link yt-core-attributed-string__link--display-type yt-core-attributed-string__link--call-to-action-color\" href=\"https:\/\/www.youtube.com\/watch?v=N60GoghMRCU&amp;t=797s\" target=\"\" rel=\"nofollow noopener\">13:17<\/a><\/span><span class=\"yt-core-attributed-string--link-inherit-color\"> Previs\u00e3o para a assist\u00eancia complementar financeira nos pr\u00f3ximos anos <\/span><\/p>\n<p><span class=\"yt-core-attributed-string--link-inherit-color\"><a class=\"yt-core-attributed-string__link yt-core-attributed-string__link--display-type yt-core-attributed-string__link--call-to-action-color\" href=\"https:\/\/www.youtube.com\/watch?v=N60GoghMRCU&amp;t=843s\" target=\"\" rel=\"nofollow noopener\">14:03<\/a><\/span><span class=\"yt-core-attributed-string--link-inherit-color\"> Ajustes nas bases de dados <\/span><\/p>\n<p><span class=\"yt-core-attributed-string--link-inherit-color\"><a class=\"yt-core-attributed-string__link yt-core-attributed-string__link--display-type yt-core-attributed-string__link--call-to-action-color\" href=\"https:\/\/www.youtube.com\/watch?v=N60GoghMRCU&amp;t=890s\" target=\"\" rel=\"nofollow noopener\">14:50<\/a><\/span><span class=\"yt-core-attributed-string--link-inherit-color\"> Inconsist\u00eancia de dados no Cofen <\/span><\/p>\n<p><span class=\"yt-core-attributed-string--link-inherit-color\"><a class=\"yt-core-attributed-string__link yt-core-attributed-string__link--display-type yt-core-attributed-string__link--call-to-action-color\" href=\"https:\/\/www.youtube.com\/watch?v=N60GoghMRCU&amp;t=969s\" target=\"\" rel=\"nofollow noopener\">16:09<\/a><\/span><span class=\"yt-core-attributed-string--link-inherit-color\"> Carga hor\u00e1ria acima de 88 horas<\/span><\/p>\n<p><span class=\"yt-core-attributed-string--link-inherit-color\"><a class=\"yt-core-attributed-string__link yt-core-attributed-string__link--display-type yt-core-attributed-string__link--call-to-action-color\" href=\"https:\/\/www.youtube.com\/watch?v=N60GoghMRCU&amp;t=1031s\" target=\"\" rel=\"nofollow noopener\">17:11<\/a><\/span><span class=\"yt-core-attributed-string--link-inherit-color\"> Pessoas acima de 75 anos <\/span><\/p>\n<p><span class=\"yt-core-attributed-string--link-inherit-color\"><a class=\"yt-core-attributed-string__link yt-core-attributed-string__link--display-type yt-core-attributed-string__link--call-to-action-color\" href=\"https:\/\/www.youtube.com\/watch?v=N60GoghMRCU&amp;t=1061s\" target=\"\" rel=\"nofollow noopener\">17:41<\/a><\/span><span class=\"yt-core-attributed-string--link-inherit-color\"> Servidor p\u00fablico com mais de dois v\u00ednculos <\/span><\/p>\n<p><span class=\"yt-core-attributed-string--link-inherit-color\"><a class=\"yt-core-attributed-string__link yt-core-attributed-string__link--display-type yt-core-attributed-string__link--call-to-action-color\" href=\"https:\/\/www.youtube.com\/watch?v=N60GoghMRCU&amp;t=1123s\" target=\"\" rel=\"nofollow noopener\">18:43<\/a><\/span><span class=\"yt-core-attributed-string--link-inherit-color\"> As informa\u00e7\u00f5es fornecidas pelos entes federados ao InvestSUS <\/span><\/p>\n<p><span class=\"yt-core-attributed-string--link-inherit-color\"><a class=\"yt-core-attributed-string__link yt-core-attributed-string__link--display-type yt-core-attributed-string__link--call-to-action-color\" href=\"https:\/\/www.youtube.com\/watch?v=N60GoghMRCU&amp;t=1213s\" target=\"\" rel=\"nofollow noopener\">20:13<\/a><\/span><span class=\"yt-core-attributed-string--link-inherit-color\"> In\u00edcio de respostas \u00e0s perguntas <\/span><\/p>\n<p><span class=\"yt-core-attributed-string--link-inherit-color\"><a class=\"yt-core-attributed-string__link yt-core-attributed-string__link--display-type yt-core-attributed-string__link--call-to-action-color\" href=\"https:\/\/www.youtube.com\/watch?v=N60GoghMRCU&amp;t=1219s\" target=\"\" rel=\"nofollow noopener\">20:19<\/a><\/span><span class=\"yt-core-attributed-string--link-inherit-color\"> O InvestSUS ser\u00e1 reaberto?<\/span><\/p>\n<p><span class=\"yt-core-attributed-string--link-inherit-color\"><a class=\"yt-core-attributed-string__link yt-core-attributed-string__link--display-type yt-core-attributed-string__link--call-to-action-color\" href=\"https:\/\/www.youtube.com\/watch?v=N60GoghMRCU&amp;t=1236s\" target=\"\" rel=\"nofollow noopener\">20:36<\/a><\/span><span class=\"yt-core-attributed-string--link-inherit-color\"> Previs\u00e3o de repasse retrativo para profissionais que n\u00e3o receberam complemento devido \u00e0 insist\u00eancia de carga hor\u00e1ria incompat\u00edvel, mas que j\u00e1 foi regularizada? <\/span><\/p>\n<p><span class=\"yt-core-attributed-string--link-inherit-color\"><a class=\"yt-core-attributed-string__link yt-core-attributed-string__link--display-type yt-core-attributed-string__link--call-to-action-color\" href=\"https:\/\/www.youtube.com\/watch?v=N60GoghMRCU&amp;t=1280s\" target=\"\" rel=\"nofollow noopener\">21:20<\/a><\/span><span class=\"yt-core-attributed-string--link-inherit-color\"> O 13\u00ba ser\u00e1 proporcional a 8 meses? <\/span><\/p>\n<p><span class=\"yt-core-attributed-string--link-inherit-color\"><a class=\"yt-core-attributed-string__link yt-core-attributed-string__link--display-type yt-core-attributed-string__link--call-to-action-color\" href=\"https:\/\/www.youtube.com\/watch?v=N60GoghMRCU&amp;t=1354s\" target=\"\" rel=\"nofollow noopener\">22:34<\/a><\/span><span class=\"yt-core-attributed-string--link-inherit-color\"> Os repasses devem sofrer incid\u00eancias previdenci\u00e1rias e trabalhistas? <\/span><\/p>\n<p><span class=\"yt-core-attributed-string--link-inherit-color\"><a class=\"yt-core-attributed-string__link yt-core-attributed-string__link--display-type yt-core-attributed-string__link--call-to-action-color\" href=\"https:\/\/www.youtube.com\/watch?v=N60GoghMRCU&amp;t=1411s\" target=\"\" rel=\"nofollow noopener\">23:31<\/a><\/span><span class=\"yt-core-attributed-string--link-inherit-color\"> Essa assist\u00eancia financeira permanece em 2024? <\/span><\/p>\n<p><span class=\"yt-core-attributed-string--link-inherit-color\"><a class=\"yt-core-attributed-string__link yt-core-attributed-string__link--display-type yt-core-attributed-string__link--call-to-action-color\" href=\"https:\/\/www.youtube.com\/watch?v=N60GoghMRCU&amp;t=1460s\" target=\"\" rel=\"nofollow noopener\">24:20<\/a><\/span><span class=\"yt-core-attributed-string--link-inherit-color\"> Carga hor\u00e1ria no concurso p\u00fablico \u00e9 de 30 horas. Qual a nossa base de c\u00e1lculo?<\/span><\/p>\n<p><span class=\"yt-core-attributed-string--link-inherit-color\"><a class=\"yt-core-attributed-string__link yt-core-attributed-string__link--display-type yt-core-attributed-string__link--call-to-action-color\" href=\"https:\/\/www.youtube.com\/watch?v=N60GoghMRCU&amp;t=1502s\" target=\"\" rel=\"nofollow noopener\">25:02<\/a><\/span><span class=\"yt-core-attributed-string--link-inherit-color\"> Avisos da SGTES\/MS <\/span><\/p>\n<p><span class=\"yt-core-attributed-string--link-inherit-color\">Contexto A Lei n.\u00b0 14.434, de 4 de agosto de 2022, instituiu o Piso Nacional da Enfermagem, para enfermeiras(os), t\u00e9cnicas(os), auxiliares de enfermagem e parteiras. Posteriormente, a Emenda Constitucional n.\u00b0 127\/2022 determinou que compete \u00e0 Uni\u00e3o prestar assist\u00eancia financeira complementar aos estados, munic\u00edpios, Distrito Federal e entidades filantr\u00f3picas, bem como aos prestadores de servi\u00e7os contratualizados que atendam, no m\u00ednimo, 60% (sessenta por cento) de seus(suas) pacientes pelo Sistema \u00danico de Sa\u00fade (SUS), para o cumprimento do piso salarial das(os) profissionais de enfermagem.<\/span><\/p>\n<p>&nbsp;<\/p>\n<p><iframe loading=\"lazy\" title=\"Live do Piso Nacional da Enfermagem\" width=\"500\" height=\"281\" src=\"https:\/\/www.youtube.com\/embed\/N60GoghMRCU?feature=oembed\" frameborder=\"0\" allow=\"accelerometer; autoplay; clipboard-write; encrypted-media; gyroscope; picture-in-picture; web-share\" referrerpolicy=\"strict-origin-when-cross-origin\" allowfullscreen><\/iframe><\/p>\n","protected":false},"excerpt":{"rendered":"<p>&nbsp; Acompanhe a Live sobre o Piso Salarial da Enfermagem do SGTES, secretaria do Minist\u00e9rio da Sa\u00fade que cuida do repasse do Piso. Essa live foi ao ar no dia 1\u00b0 de dezembro de 2023 com as atualiza\u00e7\u00f5es relativas \u00e0 assist\u00eancia financeira complementar da uni\u00e3o e\u00a0 para sanar d\u00favidas de gestoras(es) e enfermeiras(os) sobre o [&hellip;]<\/p>\n","protected":false},"author":6,"featured_media":0,"comment_status":"open","ping_status":"open","sticky":false,"template":"","format":"standard","meta":{"footnotes":""},"categories":[6],"tags":[],"class_list":["post-44196","post","type-post","status-publish","format-standard","hentry","category-noticias"],"_links":{"self":[{"href":"https:\/\/sindenfermeiro.com.br\/index.php\/wp-json\/wp\/v2\/posts\/44196","targetHints":{"allow":["GET"]}}],"collection":[{"href":"https:\/\/sindenfermeiro.com.br\/index.php\/wp-json\/wp\/v2\/posts"}],"about":[{"href":"https:\/\/sindenfermeiro.com.br\/index.php\/wp-json\/wp\/v2\/types\/post"}],"author":[{"embeddable":true,"href":"https:\/\/sindenfermeiro.com.br\/index.php\/wp-json\/wp\/v2\/users\/6"}],"replies":[{"embeddable":true,"href":"https:\/\/sindenfermeiro.com.br\/index.php\/wp-json\/wp\/v2\/comments?post=44196"}],"version-history":[{"count":5,"href":"https:\/\/sindenfermeiro.com.br\/index.php\/wp-json\/wp\/v2\/posts\/44196\/revisions"}],"predecessor-version":[{"id":44201,"href":"https:\/\/sindenfermeiro.com.br\/index.php\/wp-json\/wp\/v2\/posts\/44196\/revisions\/44201"}],"wp:attachment":[{"href":"https:\/\/sindenfermeiro.com.br\/index.php\/wp-json\/wp\/v2\/media?parent=44196"}],"wp:term":[{"taxonomy":"category","embeddable":true,"href":"https:\/\/sindenfermeiro.com.br\/index.php\/wp-json\/wp\/v2\/categories?post=44196"},{"taxonomy":"post_tag","embeddable":true,"href":"https:\/\/sindenfermeiro.com.br\/index.php\/wp-json\/wp\/v2\/tags?post=44196"}],"curies":[{"name":"wp","href":"https:\/\/api.w.org\/{rel}","templated":true}]}}