{"id":44192,"date":"2023-11-24T17:07:36","date_gmt":"2023-11-24T20:07:36","guid":{"rendered":"https:\/\/sindenfermeiro.com.br\/?p=44192"},"modified":"2026-04-29T11:57:02","modified_gmt":"2026-04-29T14:57:02","slug":"enfermagem-multiverso-expectativa-x-realidade","status":"publish","type":"post","link":"https:\/\/sindenfermeiro.com.br\/index.php\/2023\/11\/24\/enfermagem-multiverso-expectativa-x-realidade\/","title":{"rendered":"Enfermagem Multiverso &#8211; Expectativa x realidade"},"content":{"rendered":"<p>&nbsp;<\/p>\n<p><img loading=\"lazy\" decoding=\"async\" class=\"alignnone wp-image-44193\" src=\"https:\/\/sindenfermeiro.com.br\/wp-content\/uploads\/2023\/11\/WhatsApp-Image-2023-11-24-at-17.03.50-300x225.jpeg\" alt=\"\" width=\"491\" height=\"368\" srcset=\"https:\/\/sindenfermeiro.com.br\/wp-content\/uploads\/2023\/11\/WhatsApp-Image-2023-11-24-at-17.03.50-300x225.jpeg 300w, https:\/\/sindenfermeiro.com.br\/wp-content\/uploads\/2023\/11\/WhatsApp-Image-2023-11-24-at-17.03.50-1024x768.jpeg 1024w, https:\/\/sindenfermeiro.com.br\/wp-content\/uploads\/2023\/11\/WhatsApp-Image-2023-11-24-at-17.03.50-768x576.jpeg 768w, https:\/\/sindenfermeiro.com.br\/wp-content\/uploads\/2023\/11\/WhatsApp-Image-2023-11-24-at-17.03.50-1536x1152.jpeg 1536w, https:\/\/sindenfermeiro.com.br\/wp-content\/uploads\/2023\/11\/WhatsApp-Image-2023-11-24-at-17.03.50.jpeg 1600w\" sizes=\"auto, (max-width: 491px) 100vw, 491px\" \/><\/p>\n<p>O cotidiano dos enfermeiros de Bras\u00edlia foi retratado na manh\u00e3 de hoje (24\/11\/2023), no audit\u00f3rio da C\u00e2mara Legislativa, no Stand Up Comedy &#8220;Enfermagem Multiverso&#8221;. O espet\u00e1culo mostrou o dia a dia dos enfermeiros de Bras\u00edlia de forma hil\u00e1ria! Plant\u00f5es exaustivos, salas de repouso \u00e0 la acampamento (sem cama e roupa de cama) e a saga pelo caf\u00e9 foram destaque, al\u00e9m das revistas constrangedoras na sa\u00edda do trabalho.<\/p>\n<p>A novela dram\u00e1tica do piso salarial virou com\u00e9dia musical, com direito a par\u00f3dia da m\u00fasica &#8220;Prefixo de Ver\u00e3o&#8221; da Banda Mel, cantada pelos enfermeiros: &#8220;Cad\u00ea, cad\u00ea, cad\u00ea meu piso ooooo. Quando o piso chegar bem aqui na minha m\u00e3e. Lutar n\u00e3o foi em v\u00e3o&#8221; .<\/p>\n<p>A com\u00e9dia idealizada pela deputada distrital Dayse Amarilio transformou o audit\u00f3rio da CLDF em um verdadeiro hospital, com direito at\u00e9 a uma maca quebrada no meio do palco.<\/p>\n<p>No elenco, al\u00e9m da Dayse, teve tr\u00eas diretores do SindEnfermeiro-DF (Nayara J\u00e9ssica, \u00darsula Neponocemo e Rangel Fernandes), o influencer Enfermeiro Sincero, Izabel Gon\u00e7alves e Marcos Wesley, entre outros.<\/p>\n<p>&nbsp;<\/p>\n<p><a href=\"https:\/\/www.flickr.com\/photos\/158926957@N08\/53353949195\/in\/datetaken-public\/\">Galeria de fotos<\/a><\/p>\n<p>&nbsp;<\/p>\n<p><em>Por Camila Piacesi<\/em><\/p>\n","protected":false},"excerpt":{"rendered":"<p>&nbsp; O cotidiano dos enfermeiros de Bras\u00edlia foi retratado na manh\u00e3 de hoje (24\/11\/2023), no audit\u00f3rio da C\u00e2mara Legislativa, no Stand Up Comedy &#8220;Enfermagem Multiverso&#8221;. O espet\u00e1culo mostrou o dia a dia dos enfermeiros de Bras\u00edlia de forma hil\u00e1ria! Plant\u00f5es exaustivos, salas de repouso \u00e0 la acampamento (sem cama e roupa de cama) e a [&hellip;]<\/p>\n","protected":false},"author":6,"featured_media":44193,"comment_status":"open","ping_status":"open","sticky":false,"template":"","format":"standard","meta":{"footnotes":""},"categories":[6],"tags":[912],"class_list":["post-44192","post","type-post","status-publish","format-standard","has-post-thumbnail","hentry","category-noticias","tag-camila-piacesi"],"_links":{"self":[{"href":"https:\/\/sindenfermeiro.com.br\/index.php\/wp-json\/wp\/v2\/posts\/44192","targetHints":{"allow":["GET"]}}],"collection":[{"href":"https:\/\/sindenfermeiro.com.br\/index.php\/wp-json\/wp\/v2\/posts"}],"about":[{"href":"https:\/\/sindenfermeiro.com.br\/index.php\/wp-json\/wp\/v2\/types\/post"}],"author":[{"embeddable":true,"href":"https:\/\/sindenfermeiro.com.br\/index.php\/wp-json\/wp\/v2\/users\/6"}],"replies":[{"embeddable":true,"href":"https:\/\/sindenfermeiro.com.br\/index.php\/wp-json\/wp\/v2\/comments?post=44192"}],"version-history":[{"count":2,"href":"https:\/\/sindenfermeiro.com.br\/index.php\/wp-json\/wp\/v2\/posts\/44192\/revisions"}],"predecessor-version":[{"id":44788,"href":"https:\/\/sindenfermeiro.com.br\/index.php\/wp-json\/wp\/v2\/posts\/44192\/revisions\/44788"}],"wp:featuredmedia":[{"embeddable":true,"href":"https:\/\/sindenfermeiro.com.br\/index.php\/wp-json\/wp\/v2\/media\/44193"}],"wp:attachment":[{"href":"https:\/\/sindenfermeiro.com.br\/index.php\/wp-json\/wp\/v2\/media?parent=44192"}],"wp:term":[{"taxonomy":"category","embeddable":true,"href":"https:\/\/sindenfermeiro.com.br\/index.php\/wp-json\/wp\/v2\/categories?post=44192"},{"taxonomy":"post_tag","embeddable":true,"href":"https:\/\/sindenfermeiro.com.br\/index.php\/wp-json\/wp\/v2\/tags?post=44192"}],"curies":[{"name":"wp","href":"https:\/\/api.w.org\/{rel}","templated":true}]}}