{"id":44179,"date":"2023-11-13T10:23:15","date_gmt":"2023-11-13T13:23:15","guid":{"rendered":"https:\/\/sindenfermeiro.com.br\/?p=44179"},"modified":"2026-04-29T13:20:49","modified_gmt":"2026-04-29T16:20:49","slug":"confirmacoes-de-presenca-para-o-baile-dos-enfermeiros-2023-estao-encerradas","status":"publish","type":"post","link":"https:\/\/sindenfermeiro.com.br\/index.php\/2023\/11\/13\/confirmacoes-de-presenca-para-o-baile-dos-enfermeiros-2023-estao-encerradas\/","title":{"rendered":"Confirma\u00e7\u00f5es de presen\u00e7a para o Baile dos Enfermeiros 2023 est\u00e3o encerradas"},"content":{"rendered":"<p><img loading=\"lazy\" decoding=\"async\" class=\"alignnone  wp-image-44180\" src=\"https:\/\/sindenfermeiro.com.br\/wp-content\/uploads\/2023\/11\/baile-9-240x300.jpg\" alt=\"\" width=\"370\" height=\"463\" srcset=\"https:\/\/sindenfermeiro.com.br\/wp-content\/uploads\/2023\/11\/baile-9-240x300.jpg 240w, https:\/\/sindenfermeiro.com.br\/wp-content\/uploads\/2023\/11\/baile-9-819x1024.jpg 819w, https:\/\/sindenfermeiro.com.br\/wp-content\/uploads\/2023\/11\/baile-9-768x960.jpg 768w, https:\/\/sindenfermeiro.com.br\/wp-content\/uploads\/2023\/11\/baile-9.jpg 1080w\" sizes=\"auto, (max-width: 370px) 100vw, 370px\" \/><\/p>\n<p>As confirma\u00e7\u00f5es de presen\u00e7a para o Baile dos Enfermeiros de 2023 encerraram-se na sexta-feira, dia 10 de novembro, \u00e0s 17h. Vale ressaltar que o prazo foi do dia 9 de outubro, das 8h, at\u00e9 10 de novembro.<\/p>\n<p>Esperamos todos voc\u00eas, confirmados, na noite mais aguardada do ano, no maior evento da enfermagem.<\/p>\n<p>At\u00e9 s\u00e1bado, dia 18 de novembro! \ud83d\udc69\ud83c\udffe\u200d\u2695\ufe0f\ud83e\uddd1\ud83c\udffc\u200d\u2695\ufe0f<\/p>\n<p>&nbsp;<\/p>\n<p>INFORMA\u00c7\u00d5ES SOBRE O BAILE DOS ENFERMEIROS 2023<\/p>\n<p>Para que tenhamos um encontro ainda mais especial, confira as informa\u00e7\u00f5es abaixo.<\/p>\n<p>\u2022 O Baile dos Enfermeiros 2023 ocorrer\u00e1 no dia 18\/11, \u00e0s 22h, no Clube do Ex\u00e9rcito (Setor de Clubes Sul).<br \/>\n\u2022 Todos os sindicalizados em dia com a mensalidade associativa t\u00eam direito a um ingresso, podendo levar um convidado. A entrada do convidado dever\u00e1 ocorrer junto com a do filiado, que se identificar\u00e1 na entrada.<br \/>\n\u2022 Os ingressos s\u00e3o PESSOAIS e INTRANSFER\u00cdVEIS, portanto, a apresenta\u00e7\u00e3o de um documento pessoal com foto \u00e9 imprescind\u00edvel para entrar no evento.<br \/>\n\u2022 As confirma\u00e7\u00f5es se iniciam no dia 09\/10, e encerram dia 10\/11. N\u00e3o se esque\u00e7a de confirmar sua presen\u00e7a at\u00e9 10\/11\/23, pois precisamos informar a quantidade de pessoas ao buffet para evitar contratempos na festa.<br \/>\n\u2022 N\u00e3o ser\u00e3o realizadas filia\u00e7\u00f5es na entrada do evento.<br \/>\n\u2022 O evento contar\u00e1 com mesas de 6 a 8 lugares. Portanto, considere dividir a mesa com outros colegas para que todos possam se acomodar confortavelmente.<br \/>\n\u2022 Traje: esporte fino<\/p>\n","protected":false},"excerpt":{"rendered":"<p>As confirma\u00e7\u00f5es de presen\u00e7a para o Baile dos Enfermeiros de 2023 encerraram-se na sexta-feira, dia 10 de novembro, \u00e0s 17h. Vale ressaltar que o prazo foi do dia 9 de outubro, das 8h, at\u00e9 10 de novembro. Esperamos todos voc\u00eas, confirmados, na noite mais aguardada do ano, no maior evento da enfermagem. At\u00e9 s\u00e1bado, dia [&hellip;]<\/p>\n","protected":false},"author":6,"featured_media":44180,"comment_status":"open","ping_status":"open","sticky":false,"template":"","format":"standard","meta":{"footnotes":""},"categories":[6],"tags":[],"class_list":["post-44179","post","type-post","status-publish","format-standard","has-post-thumbnail","hentry","category-noticias"],"_links":{"self":[{"href":"https:\/\/sindenfermeiro.com.br\/index.php\/wp-json\/wp\/v2\/posts\/44179","targetHints":{"allow":["GET"]}}],"collection":[{"href":"https:\/\/sindenfermeiro.com.br\/index.php\/wp-json\/wp\/v2\/posts"}],"about":[{"href":"https:\/\/sindenfermeiro.com.br\/index.php\/wp-json\/wp\/v2\/types\/post"}],"author":[{"embeddable":true,"href":"https:\/\/sindenfermeiro.com.br\/index.php\/wp-json\/wp\/v2\/users\/6"}],"replies":[{"embeddable":true,"href":"https:\/\/sindenfermeiro.com.br\/index.php\/wp-json\/wp\/v2\/comments?post=44179"}],"version-history":[{"count":1,"href":"https:\/\/sindenfermeiro.com.br\/index.php\/wp-json\/wp\/v2\/posts\/44179\/revisions"}],"predecessor-version":[{"id":44181,"href":"https:\/\/sindenfermeiro.com.br\/index.php\/wp-json\/wp\/v2\/posts\/44179\/revisions\/44181"}],"wp:featuredmedia":[{"embeddable":true,"href":"https:\/\/sindenfermeiro.com.br\/index.php\/wp-json\/wp\/v2\/media\/44180"}],"wp:attachment":[{"href":"https:\/\/sindenfermeiro.com.br\/index.php\/wp-json\/wp\/v2\/media?parent=44179"}],"wp:term":[{"taxonomy":"category","embeddable":true,"href":"https:\/\/sindenfermeiro.com.br\/index.php\/wp-json\/wp\/v2\/categories?post=44179"},{"taxonomy":"post_tag","embeddable":true,"href":"https:\/\/sindenfermeiro.com.br\/index.php\/wp-json\/wp\/v2\/tags?post=44179"}],"curies":[{"name":"wp","href":"https:\/\/api.w.org\/{rel}","templated":true}]}}