{"id":44168,"date":"2023-10-27T16:25:05","date_gmt":"2023-10-27T19:25:05","guid":{"rendered":"https:\/\/sindenfermeiro.com.br\/?p=44168"},"modified":"2026-04-26T12:59:27","modified_gmt":"2026-04-26T15:59:27","slug":"ses-df-libera-a-insercao-do-diu-por-enfermeiros","status":"publish","type":"post","link":"https:\/\/sindenfermeiro.com.br\/index.php\/2023\/10\/27\/ses-df-libera-a-insercao-do-diu-por-enfermeiros\/","title":{"rendered":"SES-DF libera a inser\u00e7\u00e3o do DIU por enfermeiros"},"content":{"rendered":"<p>A Secretaria de Sa\u00fade do Distrito Federal liberou a inser\u00e7\u00e3o do Dispositivo Intrauterino, DIU, por profissionais da enfermagem. A pr\u00e1tica foi oficializada por meio da portaria N\u00ba 422, de 23 de outubro de 2023, publicada no Di\u00e1rio Oficial do DF (DODF) de ter\u00e7a-feira (24\/10).<\/p>\n<p>A pr\u00e1tica da inser\u00e7\u00e3o de DIU por enfermeiros n\u00e3o \u00e9 uma novidade. \u00c9 uma pr\u00e1tica difundida em todo o mundo e estimulado pela OMS e pelo Minist\u00e9rio da Sa\u00fade, e regulamentado pelos \u00f3rg\u00e3os competentes para tal fim.<\/p>\n<p>A publica\u00e7\u00e3o de um protocolo institucional traz mais seguran\u00e7a para a atua\u00e7\u00e3o profissional, padroniza o atendimento, al\u00e9m de fomentar estrat\u00e9gias de capacita\u00e7\u00e3o dentro da SES, o que consequentemente ampliar\u00e1 o acesso das usu\u00e1rias do SUS que buscam pelo m\u00e9todo.<\/p>\n<p>Vale ressaltar que o protocolo demorou quatro anos para ser publicado. Em 2019 foi criado um Grupo de Trabalho para cria\u00e7\u00e3o do protocolo de queixas ginecol\u00f3gicas e contracep\u00e7\u00e3o na APS, com o objetivo de padronizar a atua\u00e7\u00e3o dos profissionais. O GT trabalhou baseado em evid\u00eancia cient\u00edfica, e elaborou um material t\u00e9cnico.<\/p>\n<p>Em 2022, foi aberta a consulta p\u00fablica, em que toda a popula\u00e7\u00e3o pode opinar sobre o material elaborado.<\/p>\n<p>O SindEnfermeiro-DF sempre defendeu a inser\u00e7\u00e3o de DIU por enfermeiros, sempre acompanhou os trabalhos do GT, e pressionou o governo para que a pr\u00e1tica fosse regulamentada na Secretaria de Sa\u00fade do DF (SES).<\/p>\n<p>Entretanto, a portaria para regulamentar a inser\u00e7\u00e3o de DIU demorou esse tempo todo para ser publicada. Segundo a Secretaria, a Comiss\u00e3o de Protocolos sofria com a falta de profissionais.<\/p>\n<p>Parte dos m\u00e9dicos questiona a autoriza\u00e7\u00e3o para que a enfermagem fa\u00e7a a inser\u00e7\u00e3o do DIU. Por\u00e9m, compete ao Conselho de Enfermagem questionar e regulamentar a atua\u00e7\u00e3o profissional do enfermeiro. A autoriza\u00e7\u00e3o para a realiza\u00e7\u00e3o desse procedimento \u00e9 pautada n\u00e3o apenas em legisla\u00e7\u00f5es, mas tamb\u00e9m em pesquisas que demonstram similaridade na efic\u00e1cia do procedimento executado tanto por m\u00e9dicos quanto por enfermeiros, desde que devidamente capacitados.<\/p>\n<p>A categoria tem buscado essa capacita\u00e7\u00e3o, e entende que ofertar o m\u00e9todo \u00e9 uma necessidade para garantir o acesso aos direitos sexuais e reprodutivos feminino.<\/p>\n<p>&nbsp;<\/p>\n<p><em>Por Camila Piacesi<\/em><\/p>\n","protected":false},"excerpt":{"rendered":"<p>A Secretaria de Sa\u00fade do Distrito Federal liberou a inser\u00e7\u00e3o do Dispositivo Intrauterino, DIU, por profissionais da enfermagem. A pr\u00e1tica foi oficializada por meio da portaria N\u00ba 422, de 23 de outubro de 2023, publicada no Di\u00e1rio Oficial do DF (DODF) de ter\u00e7a-feira (24\/10). A pr\u00e1tica da inser\u00e7\u00e3o de DIU por enfermeiros n\u00e3o \u00e9 uma [&hellip;]<\/p>\n","protected":false},"author":6,"featured_media":44169,"comment_status":"open","ping_status":"open","sticky":false,"template":"","format":"standard","meta":{"footnotes":""},"categories":[6,5],"tags":[],"class_list":["post-44168","post","type-post","status-publish","format-standard","has-post-thumbnail","hentry","category-noticias","category-rede-publica"],"_links":{"self":[{"href":"https:\/\/sindenfermeiro.com.br\/index.php\/wp-json\/wp\/v2\/posts\/44168","targetHints":{"allow":["GET"]}}],"collection":[{"href":"https:\/\/sindenfermeiro.com.br\/index.php\/wp-json\/wp\/v2\/posts"}],"about":[{"href":"https:\/\/sindenfermeiro.com.br\/index.php\/wp-json\/wp\/v2\/types\/post"}],"author":[{"embeddable":true,"href":"https:\/\/sindenfermeiro.com.br\/index.php\/wp-json\/wp\/v2\/users\/6"}],"replies":[{"embeddable":true,"href":"https:\/\/sindenfermeiro.com.br\/index.php\/wp-json\/wp\/v2\/comments?post=44168"}],"version-history":[{"count":2,"href":"https:\/\/sindenfermeiro.com.br\/index.php\/wp-json\/wp\/v2\/posts\/44168\/revisions"}],"predecessor-version":[{"id":44789,"href":"https:\/\/sindenfermeiro.com.br\/index.php\/wp-json\/wp\/v2\/posts\/44168\/revisions\/44789"}],"wp:featuredmedia":[{"embeddable":true,"href":"https:\/\/sindenfermeiro.com.br\/index.php\/wp-json\/wp\/v2\/media\/44169"}],"wp:attachment":[{"href":"https:\/\/sindenfermeiro.com.br\/index.php\/wp-json\/wp\/v2\/media?parent=44168"}],"wp:term":[{"taxonomy":"category","embeddable":true,"href":"https:\/\/sindenfermeiro.com.br\/index.php\/wp-json\/wp\/v2\/categories?post=44168"},{"taxonomy":"post_tag","embeddable":true,"href":"https:\/\/sindenfermeiro.com.br\/index.php\/wp-json\/wp\/v2\/tags?post=44168"}],"curies":[{"name":"wp","href":"https:\/\/api.w.org\/{rel}","templated":true}]}}