{"id":44157,"date":"2023-10-19T17:43:20","date_gmt":"2023-10-19T20:43:20","guid":{"rendered":"https:\/\/sindenfermeiro.com.br\/?p=44157"},"modified":"2026-04-29T11:57:29","modified_gmt":"2026-04-29T14:57:29","slug":"participe-mec-abre-consulta-publica-sobre-ead","status":"publish","type":"post","link":"https:\/\/sindenfermeiro.com.br\/index.php\/2023\/10\/19\/participe-mec-abre-consulta-publica-sobre-ead\/","title":{"rendered":"Participe: Mec abre consulta p\u00fablica sobre EaD"},"content":{"rendered":"<p>O Minist\u00e9rio da Educa\u00e7\u00e3o (MEC) abriu ontem, 19, a consulta p\u00fablica sobre a oferta dos cursos de gradua\u00e7\u00e3o em Direito, Odontologia, Psicologia e Enfermagem, na modalidade de educa\u00e7\u00e3o a dist\u00e2ncia (EaD). A popula\u00e7\u00e3o poder\u00e1 opinar, at\u00e9 o dia 20 de novembro, sobre a proposta de altera\u00e7\u00f5es na Portaria Normativa 11\/2017, a que trata sobre a educa\u00e7\u00e3o EAD.<\/p>\n<p>A consulta p\u00fablica tem como objetivo aprofundar o di\u00e1logo com a sociedade e ampliar a participa\u00e7\u00e3o social na revis\u00e3o da regula\u00e7\u00e3o da educa\u00e7\u00e3o superior em formato EaD.<\/p>\n<p>A consulta p\u00fablica partiu do Grupo de Trabalho (GT) Ead, com o objetivo de subsidiar a elabora\u00e7\u00e3o da pol\u00edtica educacional para a oferta de cursos de gradua\u00e7\u00e3o em Direito, Enfermagem, Odontologia e Psicologia na modalidade EaD. Os encontros debateram a qualidade de ensino da educa\u00e7\u00e3o n\u00e3o presencial e a valoriza\u00e7\u00e3o do campo de pr\u00e1tica.<\/p>\n<p>Participe da consulta p\u00fablica: <a href=\"https:\/\/www.gov.br\/participamaisbrasil\/educacao-a-distancia\">https:\/\/www.gov.br\/participamaisbrasil\/educacao-a-distancia<\/a><\/p>\n<p>O Sindicato dos Enfermeiros do DF (SindEnfermeiro-DF) aproveita a oportunidade para refor\u00e7ar que \u00e9 contra a educa\u00e7\u00e3o n\u00e3o presencial de gradua\u00e7\u00e3o de Enfermagem, visto que o curso \u00e9 baseado na ci\u00eancia, com necessidade tamb\u00e9m de aulas pr\u00e1ticas e contato com pacientes e equipamentos de alta complexibilidade.<\/p>\n<p>O SindEnfermeiro-DF preocupa-se com a expans\u00e3o da educa\u00e7\u00e3o a dist\u00e2ncia e a qualidade de ensino ofertada nessas institui\u00e7\u00f5es de educa\u00e7\u00e3o on-line. Visto que os futuros profissionais ir\u00e3o prestar atendimento direto \u00e0 popula\u00e7\u00e3o, seja em clinicas, hospitais, UBS ou Upas. Portanto, a entidade recomenda o ensino presencial na forma\u00e7\u00e3o dos futuros enfermeiros e enfermeiras.<\/p>\n<p>Cen\u00e1rio do EaD<br \/>\nSegundo o Censo da Educa\u00e7\u00e3o Superior 2021, entre 2011 e 2021, o n\u00famero de ingressantes em cursos superiores de gradua\u00e7\u00e3o, na modalidade de educa\u00e7\u00e3o a dist\u00e2ncia (EaD), aumentou 474%. No mesmo per\u00edodo, a quantidade de ingressantes em cursos presenciais diminuiu 23,4%.<\/p>\n<p>J\u00e1 quando o assunto \u00e9 a rela\u00e7\u00e3o entre matr\u00edcula e modalidade de ensino, a expans\u00e3o da EaD ficou, mais uma vez, evidenciada. Em 2021, foram mais de 3,7 milh\u00f5es de matriculados em cursos a dist\u00e2ncia. O n\u00famero representa 41,4% do total.<\/p>\n","protected":false},"excerpt":{"rendered":"<p>O Minist\u00e9rio da Educa\u00e7\u00e3o (MEC) abriu ontem, 19, a consulta p\u00fablica sobre a oferta dos cursos de gradua\u00e7\u00e3o em Direito, Odontologia, Psicologia e Enfermagem, na modalidade de educa\u00e7\u00e3o a dist\u00e2ncia (EaD). A popula\u00e7\u00e3o poder\u00e1 opinar, at\u00e9 o dia 20 de novembro, sobre a proposta de altera\u00e7\u00f5es na Portaria Normativa 11\/2017, a que trata sobre a [&hellip;]<\/p>\n","protected":false},"author":6,"featured_media":44158,"comment_status":"open","ping_status":"open","sticky":false,"template":"","format":"standard","meta":{"footnotes":""},"categories":[6],"tags":[912],"class_list":["post-44157","post","type-post","status-publish","format-standard","has-post-thumbnail","hentry","category-noticias","tag-camila-piacesi"],"_links":{"self":[{"href":"https:\/\/sindenfermeiro.com.br\/index.php\/wp-json\/wp\/v2\/posts\/44157","targetHints":{"allow":["GET"]}}],"collection":[{"href":"https:\/\/sindenfermeiro.com.br\/index.php\/wp-json\/wp\/v2\/posts"}],"about":[{"href":"https:\/\/sindenfermeiro.com.br\/index.php\/wp-json\/wp\/v2\/types\/post"}],"author":[{"embeddable":true,"href":"https:\/\/sindenfermeiro.com.br\/index.php\/wp-json\/wp\/v2\/users\/6"}],"replies":[{"embeddable":true,"href":"https:\/\/sindenfermeiro.com.br\/index.php\/wp-json\/wp\/v2\/comments?post=44157"}],"version-history":[{"count":2,"href":"https:\/\/sindenfermeiro.com.br\/index.php\/wp-json\/wp\/v2\/posts\/44157\/revisions"}],"predecessor-version":[{"id":44160,"href":"https:\/\/sindenfermeiro.com.br\/index.php\/wp-json\/wp\/v2\/posts\/44157\/revisions\/44160"}],"wp:featuredmedia":[{"embeddable":true,"href":"https:\/\/sindenfermeiro.com.br\/index.php\/wp-json\/wp\/v2\/media\/44158"}],"wp:attachment":[{"href":"https:\/\/sindenfermeiro.com.br\/index.php\/wp-json\/wp\/v2\/media?parent=44157"}],"wp:term":[{"taxonomy":"category","embeddable":true,"href":"https:\/\/sindenfermeiro.com.br\/index.php\/wp-json\/wp\/v2\/categories?post=44157"},{"taxonomy":"post_tag","embeddable":true,"href":"https:\/\/sindenfermeiro.com.br\/index.php\/wp-json\/wp\/v2\/tags?post=44157"}],"curies":[{"name":"wp","href":"https:\/\/api.w.org\/{rel}","templated":true}]}}