{"id":44133,"date":"2023-10-16T14:12:10","date_gmt":"2023-10-16T17:12:10","guid":{"rendered":"https:\/\/sindenfermeiro.com.br\/?p=44133"},"modified":"2026-04-26T12:30:46","modified_gmt":"2026-04-26T15:30:46","slug":"baile-dos-enfermeiros-a-festa-mais-aguardada-do-ano","status":"publish","type":"post","link":"https:\/\/sindenfermeiro.com.br\/index.php\/2023\/10\/16\/baile-dos-enfermeiros-a-festa-mais-aguardada-do-ano\/","title":{"rendered":"Baile dos Enfermeiros: a festa mais aguardada do ano"},"content":{"rendered":"<p>Est\u00e1 chegando a festa mais aguardada do ano!<br \/>\nO Baile dos Enfermeiros 2023 j\u00e1 tem data: ser\u00e1 dia 18\/11, as 22h, no Clube do Ex\u00e9rcito (Setor de Clubes Sul).<br \/>\nA m\u00fasica ficar\u00e1 por conta da animad\u00edssima banda DF Music, e teremos muitas op\u00e7\u00f5es de comes e bebes com um evento totalmente open bar e open food!<br \/>\nPara tornar essa celebra\u00e7\u00e3o ainda mais especial, todo filiado ter\u00e1 o direito de levar um convidado para compartilhar essa experi\u00eancia \u00fanica.<br \/>\n\u00c9 a oportunidade perfeita para reencontrar amigos e colegas e celebrar juntos uma noite inesquec\u00edvel.<\/p>\n<p>Para que tenhamos um encontro ainda mais especial, confira as informa\u00e7\u00f5es abaixo.<\/p>\n<p>\u2022 O Baile dos Enfermeiros 2023 ocorrer\u00e1 no dia 18\/11, \u00e0s 22h, no Clube do Ex\u00e9rcito (Setor de Clubes Sul).<br \/>\n\u2022 Todos os sindicalizados em dia com a mensalidade associativa t\u00eam direito a um ingresso, podendo levar um convidado. A entrada do convidado dever\u00e1 ocorrer junto com a do filiado, que se identificar\u00e1 na entrada.<br \/>\n\u2022 Os ingressos s\u00e3o PESSOAIS e INTRANSFER\u00cdVEIS, portanto, a apresenta\u00e7\u00e3o de um documento pessoal com foto \u00e9 imprescind\u00edvel para entrar no evento.<br \/>\n\u2022 As confirma\u00e7\u00f5es se iniciam no dia 09\/10, e encerram dia 10\/11. N\u00e3o se esque\u00e7a de confirmar sua presen\u00e7a at\u00e9 10\/11\/23, pois precisamos informar a quantidade de pessoas ao buffet para evitar contratempos na festa.<br \/>\n\u2022 N\u00e3o ser\u00e3o realizadas filia\u00e7\u00f5es na entrada do evento.<br \/>\n\u2022 O evento contar\u00e1 com mesas de 6 a 8 lugares. Portanto, considere dividir a mesa com outros colegas para que todos possam se acomodar confortavelmente.<br \/>\n\u2022 Traje: esporte fino<\/p>\n<p>&nbsp;<\/p>\n<p><img loading=\"lazy\" decoding=\"async\" class=\"aligncenter wp-image-44137 size-large\" src=\"https:\/\/sindenfermeiro.com.br\/wp-content\/uploads\/2023\/10\/WhatsApp-Image-2023-10-09-at-10.42.48-819x1024.jpeg\" alt=\"\" width=\"819\" height=\"1024\" srcset=\"https:\/\/sindenfermeiro.com.br\/wp-content\/uploads\/2023\/10\/WhatsApp-Image-2023-10-09-at-10.42.48-819x1024.jpeg 819w, https:\/\/sindenfermeiro.com.br\/wp-content\/uploads\/2023\/10\/WhatsApp-Image-2023-10-09-at-10.42.48-240x300.jpeg 240w, https:\/\/sindenfermeiro.com.br\/wp-content\/uploads\/2023\/10\/WhatsApp-Image-2023-10-09-at-10.42.48-768x960.jpeg 768w, https:\/\/sindenfermeiro.com.br\/wp-content\/uploads\/2023\/10\/WhatsApp-Image-2023-10-09-at-10.42.48.jpeg 1080w\" sizes=\"auto, (max-width: 819px) 100vw, 819px\" \/> <img loading=\"lazy\" decoding=\"async\" class=\"aligncenter wp-image-44134 size-large\" src=\"https:\/\/sindenfermeiro.com.br\/wp-content\/uploads\/2023\/10\/WhatsApp-Image-2023-10-09-at-10.42.48-1-819x1024.jpeg\" alt=\"\" width=\"819\" height=\"1024\" srcset=\"https:\/\/sindenfermeiro.com.br\/wp-content\/uploads\/2023\/10\/WhatsApp-Image-2023-10-09-at-10.42.48-1-819x1024.jpeg 819w, https:\/\/sindenfermeiro.com.br\/wp-content\/uploads\/2023\/10\/WhatsApp-Image-2023-10-09-at-10.42.48-1-240x300.jpeg 240w, https:\/\/sindenfermeiro.com.br\/wp-content\/uploads\/2023\/10\/WhatsApp-Image-2023-10-09-at-10.42.48-1-768x960.jpeg 768w, https:\/\/sindenfermeiro.com.br\/wp-content\/uploads\/2023\/10\/WhatsApp-Image-2023-10-09-at-10.42.48-1.jpeg 1080w\" sizes=\"auto, (max-width: 819px) 100vw, 819px\" \/> <img loading=\"lazy\" decoding=\"async\" class=\"aligncenter wp-image-44135 size-large\" src=\"https:\/\/sindenfermeiro.com.br\/wp-content\/uploads\/2023\/10\/WhatsApp-Image-2023-10-09-at-10.42.49-1-819x1024.jpeg\" alt=\"\" width=\"819\" height=\"1024\" srcset=\"https:\/\/sindenfermeiro.com.br\/wp-content\/uploads\/2023\/10\/WhatsApp-Image-2023-10-09-at-10.42.49-1-819x1024.jpeg 819w, https:\/\/sindenfermeiro.com.br\/wp-content\/uploads\/2023\/10\/WhatsApp-Image-2023-10-09-at-10.42.49-1-240x300.jpeg 240w, https:\/\/sindenfermeiro.com.br\/wp-content\/uploads\/2023\/10\/WhatsApp-Image-2023-10-09-at-10.42.49-1-768x960.jpeg 768w, https:\/\/sindenfermeiro.com.br\/wp-content\/uploads\/2023\/10\/WhatsApp-Image-2023-10-09-at-10.42.49-1.jpeg 1080w\" sizes=\"auto, (max-width: 819px) 100vw, 819px\" \/><\/p>\n","protected":false},"excerpt":{"rendered":"<p>Est\u00e1 chegando a festa mais aguardada do ano! O Baile dos Enfermeiros 2023 j\u00e1 tem data: ser\u00e1 dia 18\/11, as 22h, no Clube do Ex\u00e9rcito (Setor de Clubes Sul). A m\u00fasica ficar\u00e1 por conta da animad\u00edssima banda DF Music, e teremos muitas op\u00e7\u00f5es de comes e bebes com um evento totalmente open bar e open [&hellip;]<\/p>\n","protected":false},"author":6,"featured_media":44137,"comment_status":"open","ping_status":"open","sticky":false,"template":"","format":"standard","meta":{"footnotes":""},"categories":[6,13,5],"tags":[],"class_list":["post-44133","post","type-post","status-publish","format-standard","has-post-thumbnail","hentry","category-noticias","category-rede-privada","category-rede-publica"],"_links":{"self":[{"href":"https:\/\/sindenfermeiro.com.br\/index.php\/wp-json\/wp\/v2\/posts\/44133","targetHints":{"allow":["GET"]}}],"collection":[{"href":"https:\/\/sindenfermeiro.com.br\/index.php\/wp-json\/wp\/v2\/posts"}],"about":[{"href":"https:\/\/sindenfermeiro.com.br\/index.php\/wp-json\/wp\/v2\/types\/post"}],"author":[{"embeddable":true,"href":"https:\/\/sindenfermeiro.com.br\/index.php\/wp-json\/wp\/v2\/users\/6"}],"replies":[{"embeddable":true,"href":"https:\/\/sindenfermeiro.com.br\/index.php\/wp-json\/wp\/v2\/comments?post=44133"}],"version-history":[{"count":4,"href":"https:\/\/sindenfermeiro.com.br\/index.php\/wp-json\/wp\/v2\/posts\/44133\/revisions"}],"predecessor-version":[{"id":44149,"href":"https:\/\/sindenfermeiro.com.br\/index.php\/wp-json\/wp\/v2\/posts\/44133\/revisions\/44149"}],"wp:featuredmedia":[{"embeddable":true,"href":"https:\/\/sindenfermeiro.com.br\/index.php\/wp-json\/wp\/v2\/media\/44137"}],"wp:attachment":[{"href":"https:\/\/sindenfermeiro.com.br\/index.php\/wp-json\/wp\/v2\/media?parent=44133"}],"wp:term":[{"taxonomy":"category","embeddable":true,"href":"https:\/\/sindenfermeiro.com.br\/index.php\/wp-json\/wp\/v2\/categories?post=44133"},{"taxonomy":"post_tag","embeddable":true,"href":"https:\/\/sindenfermeiro.com.br\/index.php\/wp-json\/wp\/v2\/tags?post=44133"}],"curies":[{"name":"wp","href":"https:\/\/api.w.org\/{rel}","templated":true}]}}