{"id":44120,"date":"2023-10-05T16:45:42","date_gmt":"2023-10-05T19:45:42","guid":{"rendered":"https:\/\/sindenfermeiro.com.br\/?p=44120"},"modified":"2026-04-29T12:02:04","modified_gmt":"2026-04-29T15:02:04","slug":"portaria-gm-ms-no-1446-pagamento-da-assistencia-complementar-da-uniao-no-piso-nacional-da-enfermagem-em-setembro-de-2023","status":"publish","type":"post","link":"https:\/\/sindenfermeiro.com.br\/index.php\/2023\/10\/05\/portaria-gm-ms-no-1446-pagamento-da-assistencia-complementar-da-uniao-no-piso-nacional-da-enfermagem-em-setembro-de-2023\/","title":{"rendered":"Portaria GM\/MS N\u00ba 1446: Pagamento da Assist\u00eancia Complementar da Uni\u00e3o no Piso Nacional da Enfermagem em Setembro de 2023"},"content":{"rendered":"<p>No dia 28 de setembro de 2023 foi publicada a portaria GM\/MS N\u00ba 1446, de 28 de setembro de 2023, que disp\u00f5e sobre os valores a serem repassados referentes a parcela do m\u00eas de setembro de 2023 para o pagamento da assist\u00eancia complementar da Uni\u00e3o do piso nacional da Enfermagem.<\/p>\n<p>A transfer\u00eancia foi feita por meio de repasse do FNS aos fundos de sa\u00fade dos estados, munic\u00edpios e Distrito Federal para os profissionais de enfermagem da rede p\u00fablica e aos prestadores de servi\u00e7os contratualizados, incluindo filantr\u00f3picos e privados que atendam no m\u00ednimo 60% de pacientes pelo SUS.<\/p>\n<p>No Distrito Federal profissionais da enfermagem, que recebem abaixo do piso, receber\u00e3o a assist\u00eancia complementar conforme planilha disponibilizada no site <a href=\"https:\/\/portalfns.saude.gov.br\/\">https:\/\/portalfns.saude.gov.br\/ <\/a>que cont\u00e9m os seguintes estabelecimentos de sa\u00fade: IGES (HBDF, UPA II Ceil\u00e2ndia, UPA Parano\u00e1, UPA Gama, UPA Riacho Fundo II, UPA Planaltina, UPA, Vicente Pires, UPA Brazl\u00e2ndia, HRSM, UPA Samambaia, UPA Recanto das Emas, UPA N\u00facleo Bandeirante, UPA S\u00e3o Sebasti\u00e3o, UPA Ceil\u00e2ndia, UPA Sobradinho), da SES-DF (HRAN, HRC, HRT, HRPL, HRGU), ICTDF, HUB, HCB, Hospital S\u00e3o Mateus e Centro de Interna\u00e7\u00e3o de Adolescentes Granja das Oliveiras.<\/p>\n<p>O Minist\u00e9rio da Sa\u00fade disponibilizou uma nova vers\u00e3o da cartilha destinada aos gestores e entidades e a cartilha responde as principais d\u00favidas sobre o pagamento do valor complementar.<br \/>\n\u00c9 importante o acompanhamento, a atualiza\u00e7\u00e3o e confirma\u00e7\u00e3o das informa\u00e7\u00f5es de cadastro dos profissionais, assim como entidades p\u00fablicas, atrav\u00e9s do InvestSUS. O n\u00famero 136 ficar\u00e1 a disposi\u00e7\u00e3o para quaisquer d\u00favidas e demais esclarecimentos, assim como o site <a href=\"https:\/\/falabr.cgu.gov.br\/\">https:\/\/falabr.cgu.gov.br\/<\/a><\/p>\n","protected":false},"excerpt":{"rendered":"<p>No dia 28 de setembro de 2023 foi publicada a portaria GM\/MS N\u00ba 1446, de 28 de setembro de 2023, que disp\u00f5e sobre os valores a serem repassados referentes a parcela do m\u00eas de setembro de 2023 para o pagamento da assist\u00eancia complementar da Uni\u00e3o do piso nacional da Enfermagem. A transfer\u00eancia foi feita por [&hellip;]<\/p>\n","protected":false},"author":6,"featured_media":44121,"comment_status":"open","ping_status":"open","sticky":false,"template":"","format":"standard","meta":{"footnotes":""},"categories":[6],"tags":[],"class_list":["post-44120","post","type-post","status-publish","format-standard","has-post-thumbnail","hentry","category-noticias"],"_links":{"self":[{"href":"https:\/\/sindenfermeiro.com.br\/index.php\/wp-json\/wp\/v2\/posts\/44120","targetHints":{"allow":["GET"]}}],"collection":[{"href":"https:\/\/sindenfermeiro.com.br\/index.php\/wp-json\/wp\/v2\/posts"}],"about":[{"href":"https:\/\/sindenfermeiro.com.br\/index.php\/wp-json\/wp\/v2\/types\/post"}],"author":[{"embeddable":true,"href":"https:\/\/sindenfermeiro.com.br\/index.php\/wp-json\/wp\/v2\/users\/6"}],"replies":[{"embeddable":true,"href":"https:\/\/sindenfermeiro.com.br\/index.php\/wp-json\/wp\/v2\/comments?post=44120"}],"version-history":[{"count":3,"href":"https:\/\/sindenfermeiro.com.br\/index.php\/wp-json\/wp\/v2\/posts\/44120\/revisions"}],"predecessor-version":[{"id":44124,"href":"https:\/\/sindenfermeiro.com.br\/index.php\/wp-json\/wp\/v2\/posts\/44120\/revisions\/44124"}],"wp:featuredmedia":[{"embeddable":true,"href":"https:\/\/sindenfermeiro.com.br\/index.php\/wp-json\/wp\/v2\/media\/44121"}],"wp:attachment":[{"href":"https:\/\/sindenfermeiro.com.br\/index.php\/wp-json\/wp\/v2\/media?parent=44120"}],"wp:term":[{"taxonomy":"category","embeddable":true,"href":"https:\/\/sindenfermeiro.com.br\/index.php\/wp-json\/wp\/v2\/categories?post=44120"},{"taxonomy":"post_tag","embeddable":true,"href":"https:\/\/sindenfermeiro.com.br\/index.php\/wp-json\/wp\/v2\/tags?post=44120"}],"curies":[{"name":"wp","href":"https:\/\/api.w.org\/{rel}","templated":true}]}}