{"id":44116,"date":"2023-10-05T16:12:37","date_gmt":"2023-10-05T19:12:37","guid":{"rendered":"https:\/\/sindenfermeiro.com.br\/?p=44116"},"modified":"2026-05-01T00:31:33","modified_gmt":"2026-05-01T03:31:33","slug":"desembargadora-suspende-decreto-que-aumentou-valor-do-gdf-saude","status":"publish","type":"post","link":"https:\/\/sindenfermeiro.com.br\/index.php\/2023\/10\/05\/desembargadora-suspende-decreto-que-aumentou-valor-do-gdf-saude\/","title":{"rendered":"Desembargadora suspende decreto que aumentou valor do GDF Sa\u00fade"},"content":{"rendered":"<p>A desembargadora do Tribunal de Justi\u00e7a do Distrito Federal e dos Territ\u00f3rios (<a href=\"https:\/\/www.tjdft.jus.br\/\" target=\"_blank\" rel=\"noopener\">TJDFT<\/a>) Maria de Lourdes Abreu suspendeu, nessa quarta-feira (4\/10), o\u00a0<a href=\"https:\/\/www.metropoles.com\/distrito-federal\/buriti-publica-decreto-que-estabelece-reajuste-do-plano-gdf-saude\" target=\"_blank\" rel=\"noopener\">decreto que aumentou os valores do plano de sa\u00fade do Governo do Distrito Federal<\/a>, o GDF Sa\u00fade.<\/p>\n<p data-gtm-vis-recent-on-screen104869357_94=\"1310\" data-gtm-vis-first-on-screen104869357_94=\"1310\" data-gtm-vis-total-visible-time104869357_94=\"100\" data-gtm-vis-has-fired104869357_94=\"1\">Maria de Lourdes deferiu liminar no \u00e2mbito de um mandado de seguran\u00e7a apresentado pelo Sindicato dos Enfermeiros do Distrito Federal (SindEnfermeiro-DF).<\/p>\n<p>A magistrada considerou que o Decreto Distrital n\u00ba 44.098, de 30 de agosto de 2023, descumpriu norma que exige a delibera\u00e7\u00e3o pr\u00e9via de Conselho de Administra\u00e7\u00e3o do Instituto de Assist\u00eancia \u00e0 Sa\u00fade dos Servidores do Distrito Federal (<a href=\"https:\/\/www.inas.df.gov.br\/\" target=\"_blank\" rel=\"noopener\">Inas-DF<\/a>) para fixa\u00e7\u00e3o dos valores de contribui\u00e7\u00e3o a serem pagos pelos servidores ao GDF Sa\u00fade.<\/p>\n<p>Sindicatos e governo travaram uma guerra judicial em rela\u00e7\u00e3o ao aumento do plano de sa\u00fade. Inicialmente, o reajuste foi feito por meio de uma portaria do Inas-DF. Diante dos questionamentos, a mudan\u00e7a nos valores do GDF Sa\u00fade foi implementada por um decreto.<\/p>\n<p>No \u00faltimo dia 4 de setembro,<a href=\"https:\/\/www.metropoles.com\/colunas\/grande-angular\/tjdft-autoriza-reajuste-do-plano-de-saude-do-gdf-deficit-milionario\" target=\"_blank\" rel=\"noopener\">\u00a0a desembargadora Lucimeire Maria da Silva suspendeu liminar que havia impedido a aplica\u00e7\u00e3o do reajuste aos m\u00e9dicos da rede p\u00fablica<\/a>.<\/p>\n<p>Na decis\u00e3o em que permite o reajuste para os profissionais, a magistrada argumentou que \u201co d\u00e9ficit financeiro do plano de sa\u00fade \u00e9 milion\u00e1rio, uma vez que os valores das contribui\u00e7\u00f5es dos participantes s\u00e3o insuficientes para manter as despesas do plano de sa\u00fade, conforme estudos atuariais juntados aos autos\u201d.<\/p>\n<p>Segundo o Inas informou \u00e0 Justi\u00e7a, se n\u00e3o houver o aumento na cobran\u00e7a da contribui\u00e7\u00e3o mensal do GDF Sa\u00fade, o plano ter\u00e1 um d\u00e9ficit de quase R$ 148 milh\u00f5es em 2023.<\/p>\n<p>Fonte: <a href=\"https:\/\/www.metropoles.com\/colunas\/grande-angular\/desembargadora-suspende-decreto-que-aumentou-valor-do-gdf-saude\">Metr\u00f3poles<\/a><\/p>\n","protected":false},"excerpt":{"rendered":"<p>A desembargadora do Tribunal de Justi\u00e7a do Distrito Federal e dos Territ\u00f3rios (TJDFT) Maria de Lourdes Abreu suspendeu, nessa quarta-feira (4\/10), o\u00a0decreto que aumentou os valores do plano de sa\u00fade do Governo do Distrito Federal, o GDF Sa\u00fade. Maria de Lourdes deferiu liminar no \u00e2mbito de um mandado de seguran\u00e7a apresentado pelo Sindicato dos Enfermeiros [&hellip;]<\/p>\n","protected":false},"author":6,"featured_media":44117,"comment_status":"open","ping_status":"open","sticky":false,"template":"","format":"standard","meta":{"footnotes":""},"categories":[14],"tags":[],"class_list":["post-44116","post","type-post","status-publish","format-standard","has-post-thumbnail","hentry","category-midia"],"_links":{"self":[{"href":"https:\/\/sindenfermeiro.com.br\/index.php\/wp-json\/wp\/v2\/posts\/44116","targetHints":{"allow":["GET"]}}],"collection":[{"href":"https:\/\/sindenfermeiro.com.br\/index.php\/wp-json\/wp\/v2\/posts"}],"about":[{"href":"https:\/\/sindenfermeiro.com.br\/index.php\/wp-json\/wp\/v2\/types\/post"}],"author":[{"embeddable":true,"href":"https:\/\/sindenfermeiro.com.br\/index.php\/wp-json\/wp\/v2\/users\/6"}],"replies":[{"embeddable":true,"href":"https:\/\/sindenfermeiro.com.br\/index.php\/wp-json\/wp\/v2\/comments?post=44116"}],"version-history":[{"count":1,"href":"https:\/\/sindenfermeiro.com.br\/index.php\/wp-json\/wp\/v2\/posts\/44116\/revisions"}],"predecessor-version":[{"id":44118,"href":"https:\/\/sindenfermeiro.com.br\/index.php\/wp-json\/wp\/v2\/posts\/44116\/revisions\/44118"}],"wp:featuredmedia":[{"embeddable":true,"href":"https:\/\/sindenfermeiro.com.br\/index.php\/wp-json\/wp\/v2\/media\/44117"}],"wp:attachment":[{"href":"https:\/\/sindenfermeiro.com.br\/index.php\/wp-json\/wp\/v2\/media?parent=44116"}],"wp:term":[{"taxonomy":"category","embeddable":true,"href":"https:\/\/sindenfermeiro.com.br\/index.php\/wp-json\/wp\/v2\/categories?post=44116"},{"taxonomy":"post_tag","embeddable":true,"href":"https:\/\/sindenfermeiro.com.br\/index.php\/wp-json\/wp\/v2\/tags?post=44116"}],"curies":[{"name":"wp","href":"https:\/\/api.w.org\/{rel}","templated":true}]}}