{"id":44114,"date":"2023-10-05T13:28:10","date_gmt":"2023-10-05T16:28:10","guid":{"rendered":"https:\/\/sindenfermeiro.com.br\/?p=44114"},"modified":"2026-04-29T12:00:08","modified_gmt":"2026-04-29T15:00:08","slug":"justica-suspende-novamente-reajuste-do-plano-de-saude-dos-servidores-do-gdf","status":"publish","type":"post","link":"https:\/\/sindenfermeiro.com.br\/index.php\/2023\/10\/05\/justica-suspende-novamente-reajuste-do-plano-de-saude-dos-servidores-do-gdf\/","title":{"rendered":"Justi\u00e7a suspende novamente reajuste do plano de sa\u00fade dos servidores do GDF"},"content":{"rendered":"<p>Mais uma vez o Sindicato dos Enfermeiros do DF (SindEnfermeiro-DF) mostrou que o aumento do plano de sa\u00fade dos servidores \u00e9 ilegal e abusivo. A Desembargadora Maria de Lourdes Abreu deferiu uma nova liminar na quarta-feira (04\/10), para suspender os efeitos do Decreto n\u00ba 44908, publicado pelo Governo do Distrito Federal (GDF), em 30\/08\/2023, na tentativa de validar o reajuste do plano de sa\u00fade dos servidores e das servidoras.<\/p>\n<p>O reajuste do plano de sa\u00fade para os enfermeiros e as enfermeiras da rede p\u00fablica foi suspenso, quando a entidade conseguiu uma liminar para suspender os efeitos da Portaria n\u00b0 102\/2023, que tratava tamb\u00e9m do aumento do GDF Sa\u00fade. A nova liminar reitera a suspens\u00e3o do aumento imposto pelo Plano de Sa\u00fade, alegando que o Decreto n\u00ba 44908 n\u00e3o atendeu aos requisitos legais e necess\u00e1rios para sua valida\u00e7\u00e3o. A decis\u00e3o judicial \u00e9 resultado de um mandado de seguran\u00e7a coletivo impetrado pelo Sindicato dos Enfermeiros do DF (SindEnfermeiro-DF).<\/p>\n<p>O SindEnfermeiro-DF argumenta que o governo tamb\u00e9m n\u00e3o cumpriu as necessidades e requisitos necess\u00e1rios para que o reajuste fosse considerado legal com a publica\u00e7\u00e3o do Decreto, portanto deve tamb\u00e9m ser suspenso em face das semelhantes irregularidades apresentadas pela j\u00e1 suspensa Portaria N\u00ba 102 de 2023.<\/p>\n","protected":false},"excerpt":{"rendered":"<p>Mais uma vez o Sindicato dos Enfermeiros do DF (SindEnfermeiro-DF) mostrou que o aumento do plano de sa\u00fade dos servidores \u00e9 ilegal e abusivo. A Desembargadora Maria de Lourdes Abreu deferiu uma nova liminar na quarta-feira (04\/10), para suspender os efeitos do Decreto n\u00ba 44908, publicado pelo Governo do Distrito Federal (GDF), em 30\/08\/2023, na [&hellip;]<\/p>\n","protected":false},"author":6,"featured_media":44087,"comment_status":"open","ping_status":"open","sticky":false,"template":"","format":"standard","meta":{"footnotes":""},"categories":[6],"tags":[],"class_list":["post-44114","post","type-post","status-publish","format-standard","has-post-thumbnail","hentry","category-noticias"],"_links":{"self":[{"href":"https:\/\/sindenfermeiro.com.br\/index.php\/wp-json\/wp\/v2\/posts\/44114","targetHints":{"allow":["GET"]}}],"collection":[{"href":"https:\/\/sindenfermeiro.com.br\/index.php\/wp-json\/wp\/v2\/posts"}],"about":[{"href":"https:\/\/sindenfermeiro.com.br\/index.php\/wp-json\/wp\/v2\/types\/post"}],"author":[{"embeddable":true,"href":"https:\/\/sindenfermeiro.com.br\/index.php\/wp-json\/wp\/v2\/users\/6"}],"replies":[{"embeddable":true,"href":"https:\/\/sindenfermeiro.com.br\/index.php\/wp-json\/wp\/v2\/comments?post=44114"}],"version-history":[{"count":1,"href":"https:\/\/sindenfermeiro.com.br\/index.php\/wp-json\/wp\/v2\/posts\/44114\/revisions"}],"predecessor-version":[{"id":44115,"href":"https:\/\/sindenfermeiro.com.br\/index.php\/wp-json\/wp\/v2\/posts\/44114\/revisions\/44115"}],"wp:featuredmedia":[{"embeddable":true,"href":"https:\/\/sindenfermeiro.com.br\/index.php\/wp-json\/wp\/v2\/media\/44087"}],"wp:attachment":[{"href":"https:\/\/sindenfermeiro.com.br\/index.php\/wp-json\/wp\/v2\/media?parent=44114"}],"wp:term":[{"taxonomy":"category","embeddable":true,"href":"https:\/\/sindenfermeiro.com.br\/index.php\/wp-json\/wp\/v2\/categories?post=44114"},{"taxonomy":"post_tag","embeddable":true,"href":"https:\/\/sindenfermeiro.com.br\/index.php\/wp-json\/wp\/v2\/tags?post=44114"}],"curies":[{"name":"wp","href":"https:\/\/api.w.org\/{rel}","templated":true}]}}