{"id":44110,"date":"2023-09-26T16:47:39","date_gmt":"2023-09-26T19:47:39","guid":{"rendered":"https:\/\/sindenfermeiro.com.br\/?p=44110"},"modified":"2026-04-29T13:07:52","modified_gmt":"2026-04-29T16:07:52","slug":"tv-sindenfermeiro-faz-um-panorama-da-saude-do-trabalhador-do-df-e-dos-servidores-do-gdf","status":"publish","type":"post","link":"https:\/\/sindenfermeiro.com.br\/index.php\/2023\/09\/26\/tv-sindenfermeiro-faz-um-panorama-da-saude-do-trabalhador-do-df-e-dos-servidores-do-gdf\/","title":{"rendered":"TV SindEnfermeiro faz um panorama da sa\u00fade do trabalhador do DF e dos servidores do GDF"},"content":{"rendered":"<p>A 9\u00aa edi\u00e7\u00e3o do TV SindEnfermeiro foi ao ar ontem, 25, \u00e0s 20h, e debateu sobre a sa\u00fade do trabalhador, do servidor do Governo do Distrito Federal (GDF) e dos enfermeiros e enfermeiras da Secretaria de Sa\u00fade (SEE), a fun\u00e7\u00e3o do Centro de Refer\u00eancia em Sa\u00fade do Trabalhador do Governo do Distrito Federal (CEREST), e os canais de den\u00fancia de condi\u00e7\u00f5es de trabalho.<\/p>\n<p>O Centro \u00e9 uma institui\u00e7\u00e3o voltada para a promo\u00e7\u00e3o da sa\u00fade e seguran\u00e7a dos trabalhadores no Distrito Federal. O \u00f3rg\u00e3o oferece servi\u00e7os de assist\u00eancia, capacita\u00e7\u00e3o e suporte t\u00e9cnico para profissionais de sa\u00fade e trabalhadores que enfrentam riscos ocupacionais. Seu objetivo principal \u00e9 prevenir acidentes e doen\u00e7as relacionadas ao trabalho, garantindo um ambiente laboral mais saud\u00e1vel para todos. H\u00e1 tamb\u00e9m a fun\u00e7\u00e3o de investigar se certas quest\u00f5es e condi\u00e7\u00f5es de trabalho despertam doen\u00e7as nos profissionais.<\/p>\n<p>19% da enfermagem est\u00e1 adoecida, e os principais problemas est\u00e3o relacionados ao dia a dia do trabalho da categoria, que por si s\u00f3 j\u00e1 \u00e9 bastante estressante. Outros quesitos ligados ao esgotamento dos profissionais s\u00e3o as condi\u00e7\u00f5es dos locais de trabalho, a baixa remunera\u00e7\u00e3o e a responsabilidade que os enfermeiros e enfermeiras carregam nas costas.<\/p>\n<p>&nbsp;<\/p>\n<p>Para saber mais, assista ao programa na integra:<\/p>\n<p><iframe loading=\"lazy\" title=\"TV SindEnfermeiro\" width=\"500\" height=\"281\" src=\"https:\/\/www.youtube.com\/embed\/cMXdpaNfHHw?feature=oembed\" frameborder=\"0\" allow=\"accelerometer; autoplay; clipboard-write; encrypted-media; gyroscope; picture-in-picture; web-share\" referrerpolicy=\"strict-origin-when-cross-origin\" allowfullscreen><\/iframe><\/p>\n<p>&nbsp;<\/p>\n<p>&nbsp;<\/p>\n<p>&nbsp;<\/p>\n","protected":false},"excerpt":{"rendered":"<p>A 9\u00aa edi\u00e7\u00e3o do TV SindEnfermeiro foi ao ar ontem, 25, \u00e0s 20h, e debateu sobre a sa\u00fade do trabalhador, do servidor do Governo do Distrito Federal (GDF) e dos enfermeiros e enfermeiras da Secretaria de Sa\u00fade (SEE), a fun\u00e7\u00e3o do Centro de Refer\u00eancia em Sa\u00fade do Trabalhador do Governo do Distrito Federal (CEREST), e [&hellip;]<\/p>\n","protected":false},"author":6,"featured_media":44111,"comment_status":"open","ping_status":"open","sticky":false,"template":"","format":"standard","meta":{"footnotes":""},"categories":[14,6],"tags":[912],"class_list":["post-44110","post","type-post","status-publish","format-standard","has-post-thumbnail","hentry","category-midia","category-noticias","tag-camila-piacesi"],"_links":{"self":[{"href":"https:\/\/sindenfermeiro.com.br\/index.php\/wp-json\/wp\/v2\/posts\/44110","targetHints":{"allow":["GET"]}}],"collection":[{"href":"https:\/\/sindenfermeiro.com.br\/index.php\/wp-json\/wp\/v2\/posts"}],"about":[{"href":"https:\/\/sindenfermeiro.com.br\/index.php\/wp-json\/wp\/v2\/types\/post"}],"author":[{"embeddable":true,"href":"https:\/\/sindenfermeiro.com.br\/index.php\/wp-json\/wp\/v2\/users\/6"}],"replies":[{"embeddable":true,"href":"https:\/\/sindenfermeiro.com.br\/index.php\/wp-json\/wp\/v2\/comments?post=44110"}],"version-history":[{"count":2,"href":"https:\/\/sindenfermeiro.com.br\/index.php\/wp-json\/wp\/v2\/posts\/44110\/revisions"}],"predecessor-version":[{"id":44113,"href":"https:\/\/sindenfermeiro.com.br\/index.php\/wp-json\/wp\/v2\/posts\/44110\/revisions\/44113"}],"wp:featuredmedia":[{"embeddable":true,"href":"https:\/\/sindenfermeiro.com.br\/index.php\/wp-json\/wp\/v2\/media\/44111"}],"wp:attachment":[{"href":"https:\/\/sindenfermeiro.com.br\/index.php\/wp-json\/wp\/v2\/media?parent=44110"}],"wp:term":[{"taxonomy":"category","embeddable":true,"href":"https:\/\/sindenfermeiro.com.br\/index.php\/wp-json\/wp\/v2\/categories?post=44110"},{"taxonomy":"post_tag","embeddable":true,"href":"https:\/\/sindenfermeiro.com.br\/index.php\/wp-json\/wp\/v2\/tags?post=44110"}],"curies":[{"name":"wp","href":"https:\/\/api.w.org\/{rel}","templated":true}]}}