{"id":44092,"date":"2023-09-20T16:47:54","date_gmt":"2023-09-20T19:47:54","guid":{"rendered":"https:\/\/sindenfermeiro.com.br\/?p=44092"},"modified":"2026-04-29T13:02:16","modified_gmt":"2026-04-29T16:02:16","slug":"nomeia-ja","status":"publish","type":"post","link":"https:\/\/sindenfermeiro.com.br\/index.php\/2023\/09\/20\/nomeia-ja\/","title":{"rendered":"Nomeia J\u00e1!"},"content":{"rendered":"<p>Hoje, \u00e0s 9h30, o Pal\u00e1cio do Buriti foi palco de um ato pela sa\u00fade p\u00fablica do DF. Cerca de 100 pessoas e a dire\u00e7\u00e3o do Sindicato dos Enfermeiros do DF (SindEnfermeiro-DF), se uniram em uma manifesta\u00e7\u00e3o para pedir a nomea\u00e7\u00e3o dos aprovados em concursos p\u00fablicos. Esta mobiliza\u00e7\u00e3o representa um grito de socorro diante da crise iminente na sa\u00fade p\u00fablica, que enfrenta um cen\u00e1rio alarmante, com a falta de enfermeiros(as) atingindo n\u00edveis cr\u00edticos. Com um d\u00e9ficit de mil vagas e o t\u00e9rmino dos contratos tempor\u00e1rios, a popula\u00e7\u00e3o passa por longos tempos de espera por atendimento e revoltada com a precariedade e a demora no atendimento fornecido pelo Sistema \u00danico de Sa\u00fade (SUS) agride o enfermeiro (a).<\/p>\n<p><strong>A Crise Atual:<\/strong><\/p>\n<p>A crise na sa\u00fade \u00e9 real e n\u00e3o pode mais ser ignorada. Os contratos tempor\u00e1rios que, de certa forma, aliviavam a car\u00eancia de profissionais enfermeiros, foram encerrados recentemente, exacerbando o j\u00e1 preocupante d\u00e9ficit de servidores. A boa not\u00edcia \u00e9 que existem concursos p\u00fablicos vigentes, com cinco mil de aprovados, prontos para atuar e aliviar essa sobrecarga.<\/p>\n<p><strong>A Solu\u00e7\u00e3o:<\/strong><\/p>\n<p>Chamamos a aten\u00e7\u00e3o das autoridades para a urg\u00eancia dessa situa\u00e7\u00e3o. A convoca\u00e7\u00e3o dos aprovados \u00e9 a \u00fanica medida capaz de sanar esse d\u00e9ficit e proporcionar um atendimento de qualidade \u00e0 popula\u00e7\u00e3o. \u00c9 um passo vital para proteger a categoria e garantir que eles possam exercer suas fun\u00e7\u00f5es com seguran\u00e7a.<\/p>\n<p><strong>Viol\u00eancia contra Profissionais de Sa\u00fade:<\/strong><\/p>\n<p>N\u00e3o podemos ignorar o fato de que a falta de servidores contribui para a demora no atendimento, resultando em um aumento significativo da viol\u00eancia contra enfermeiros. No \u00faltimo ano, os casos de agress\u00f5es aumentaram em 13%, de acordo com dados da PCDF.<\/p>\n<p><strong>Conclus\u00e3o:<\/strong><\/p>\n<p>A situa\u00e7\u00e3o \u00e9 cr\u00edtica, mas a a\u00e7\u00e3o \u00e9 poss\u00edvel. Junte-se a n\u00f3s nessa luta pela Sa\u00fade P\u00fablica digna, pela prote\u00e7\u00e3o dos enfermeiros e pela garantia de um atendimento de qualidade para todos. Compartilhe essa causa e fa\u00e7a parte dessa mudan\u00e7a!<\/p>\n<p><img loading=\"lazy\" decoding=\"async\" class=\"alignnone size-medium wp-image-44108\" src=\"https:\/\/sindenfermeiro.com.br\/wp-content\/uploads\/2023\/09\/WhatsApp-Image-2023-09-20-at-16.41.27-300x200.jpeg\" alt=\"\" width=\"300\" height=\"200\" srcset=\"https:\/\/sindenfermeiro.com.br\/wp-content\/uploads\/2023\/09\/WhatsApp-Image-2023-09-20-at-16.41.27-300x200.jpeg 300w, https:\/\/sindenfermeiro.com.br\/wp-content\/uploads\/2023\/09\/WhatsApp-Image-2023-09-20-at-16.41.27-1024x682.jpeg 1024w, https:\/\/sindenfermeiro.com.br\/wp-content\/uploads\/2023\/09\/WhatsApp-Image-2023-09-20-at-16.41.27-768x512.jpeg 768w, https:\/\/sindenfermeiro.com.br\/wp-content\/uploads\/2023\/09\/WhatsApp-Image-2023-09-20-at-16.41.27-1536x1023.jpeg 1536w, https:\/\/sindenfermeiro.com.br\/wp-content\/uploads\/2023\/09\/WhatsApp-Image-2023-09-20-at-16.41.27.jpeg 1600w\" sizes=\"auto, (max-width: 300px) 100vw, 300px\" \/> <img loading=\"lazy\" decoding=\"async\" class=\"alignnone size-medium wp-image-44107\" src=\"https:\/\/sindenfermeiro.com.br\/wp-content\/uploads\/2023\/09\/WhatsApp-Image-2023-09-20-at-16.41.26-300x200.jpeg\" alt=\"\" width=\"300\" height=\"200\" srcset=\"https:\/\/sindenfermeiro.com.br\/wp-content\/uploads\/2023\/09\/WhatsApp-Image-2023-09-20-at-16.41.26-300x200.jpeg 300w, https:\/\/sindenfermeiro.com.br\/wp-content\/uploads\/2023\/09\/WhatsApp-Image-2023-09-20-at-16.41.26-1024x682.jpeg 1024w, https:\/\/sindenfermeiro.com.br\/wp-content\/uploads\/2023\/09\/WhatsApp-Image-2023-09-20-at-16.41.26-768x512.jpeg 768w, https:\/\/sindenfermeiro.com.br\/wp-content\/uploads\/2023\/09\/WhatsApp-Image-2023-09-20-at-16.41.26-1536x1023.jpeg 1536w, https:\/\/sindenfermeiro.com.br\/wp-content\/uploads\/2023\/09\/WhatsApp-Image-2023-09-20-at-16.41.26.jpeg 1600w\" sizes=\"auto, (max-width: 300px) 100vw, 300px\" \/> <img loading=\"lazy\" decoding=\"async\" class=\"alignnone size-medium wp-image-44106\" src=\"https:\/\/sindenfermeiro.com.br\/wp-content\/uploads\/2023\/09\/WhatsApp-Image-2023-09-20-at-16.41.27-1-300x200.jpeg\" alt=\"\" width=\"300\" height=\"200\" srcset=\"https:\/\/sindenfermeiro.com.br\/wp-content\/uploads\/2023\/09\/WhatsApp-Image-2023-09-20-at-16.41.27-1-300x200.jpeg 300w, https:\/\/sindenfermeiro.com.br\/wp-content\/uploads\/2023\/09\/WhatsApp-Image-2023-09-20-at-16.41.27-1-1024x682.jpeg 1024w, https:\/\/sindenfermeiro.com.br\/wp-content\/uploads\/2023\/09\/WhatsApp-Image-2023-09-20-at-16.41.27-1-768x512.jpeg 768w, https:\/\/sindenfermeiro.com.br\/wp-content\/uploads\/2023\/09\/WhatsApp-Image-2023-09-20-at-16.41.27-1-1536x1023.jpeg 1536w, https:\/\/sindenfermeiro.com.br\/wp-content\/uploads\/2023\/09\/WhatsApp-Image-2023-09-20-at-16.41.27-1.jpeg 1600w\" sizes=\"auto, (max-width: 300px) 100vw, 300px\" \/> <img loading=\"lazy\" decoding=\"async\" class=\"alignnone size-medium wp-image-44105\" src=\"https:\/\/sindenfermeiro.com.br\/wp-content\/uploads\/2023\/09\/WhatsApp-Image-2023-09-20-at-16.41.29-300x200.jpeg\" alt=\"\" width=\"300\" height=\"200\" srcset=\"https:\/\/sindenfermeiro.com.br\/wp-content\/uploads\/2023\/09\/WhatsApp-Image-2023-09-20-at-16.41.29-300x200.jpeg 300w, https:\/\/sindenfermeiro.com.br\/wp-content\/uploads\/2023\/09\/WhatsApp-Image-2023-09-20-at-16.41.29-1024x682.jpeg 1024w, https:\/\/sindenfermeiro.com.br\/wp-content\/uploads\/2023\/09\/WhatsApp-Image-2023-09-20-at-16.41.29-768x512.jpeg 768w, https:\/\/sindenfermeiro.com.br\/wp-content\/uploads\/2023\/09\/WhatsApp-Image-2023-09-20-at-16.41.29-1536x1023.jpeg 1536w, https:\/\/sindenfermeiro.com.br\/wp-content\/uploads\/2023\/09\/WhatsApp-Image-2023-09-20-at-16.41.29.jpeg 1600w\" sizes=\"auto, (max-width: 300px) 100vw, 300px\" \/> <img loading=\"lazy\" decoding=\"async\" class=\"alignnone size-medium wp-image-44102\" src=\"https:\/\/sindenfermeiro.com.br\/wp-content\/uploads\/2023\/09\/WhatsApp-Image-2023-09-20-at-16.41.36-1-300x200.jpeg\" alt=\"\" width=\"300\" height=\"200\" srcset=\"https:\/\/sindenfermeiro.com.br\/wp-content\/uploads\/2023\/09\/WhatsApp-Image-2023-09-20-at-16.41.36-1-300x200.jpeg 300w, https:\/\/sindenfermeiro.com.br\/wp-content\/uploads\/2023\/09\/WhatsApp-Image-2023-09-20-at-16.41.36-1-1024x682.jpeg 1024w, https:\/\/sindenfermeiro.com.br\/wp-content\/uploads\/2023\/09\/WhatsApp-Image-2023-09-20-at-16.41.36-1-768x512.jpeg 768w, https:\/\/sindenfermeiro.com.br\/wp-content\/uploads\/2023\/09\/WhatsApp-Image-2023-09-20-at-16.41.36-1.jpeg 1280w\" sizes=\"auto, (max-width: 300px) 100vw, 300px\" \/> <img loading=\"lazy\" decoding=\"async\" class=\"alignnone size-medium wp-image-44101\" src=\"https:\/\/sindenfermeiro.com.br\/wp-content\/uploads\/2023\/09\/WhatsApp-Image-2023-09-20-at-16.41.36-2-300x200.jpeg\" alt=\"\" width=\"300\" height=\"200\" srcset=\"https:\/\/sindenfermeiro.com.br\/wp-content\/uploads\/2023\/09\/WhatsApp-Image-2023-09-20-at-16.41.36-2-300x200.jpeg 300w, https:\/\/sindenfermeiro.com.br\/wp-content\/uploads\/2023\/09\/WhatsApp-Image-2023-09-20-at-16.41.36-2-1024x682.jpeg 1024w, https:\/\/sindenfermeiro.com.br\/wp-content\/uploads\/2023\/09\/WhatsApp-Image-2023-09-20-at-16.41.36-2-768x512.jpeg 768w, https:\/\/sindenfermeiro.com.br\/wp-content\/uploads\/2023\/09\/WhatsApp-Image-2023-09-20-at-16.41.36-2.jpeg 1280w\" sizes=\"auto, (max-width: 300px) 100vw, 300px\" \/> <img loading=\"lazy\" decoding=\"async\" class=\"alignnone size-medium wp-image-44099\" src=\"https:\/\/sindenfermeiro.com.br\/wp-content\/uploads\/2023\/09\/WhatsApp-Image-2023-09-20-at-16.41.37-1-300x200.jpeg\" alt=\"\" width=\"300\" height=\"200\" srcset=\"https:\/\/sindenfermeiro.com.br\/wp-content\/uploads\/2023\/09\/WhatsApp-Image-2023-09-20-at-16.41.37-1-300x200.jpeg 300w, https:\/\/sindenfermeiro.com.br\/wp-content\/uploads\/2023\/09\/WhatsApp-Image-2023-09-20-at-16.41.37-1-1024x682.jpeg 1024w, https:\/\/sindenfermeiro.com.br\/wp-content\/uploads\/2023\/09\/WhatsApp-Image-2023-09-20-at-16.41.37-1-768x512.jpeg 768w, https:\/\/sindenfermeiro.com.br\/wp-content\/uploads\/2023\/09\/WhatsApp-Image-2023-09-20-at-16.41.37-1.jpeg 1280w\" sizes=\"auto, (max-width: 300px) 100vw, 300px\" \/> <img loading=\"lazy\" decoding=\"async\" class=\"alignnone size-medium wp-image-44098\" src=\"https:\/\/sindenfermeiro.com.br\/wp-content\/uploads\/2023\/09\/WhatsApp-Image-2023-09-20-at-16.41.37-2-300x200.jpeg\" alt=\"\" width=\"300\" height=\"200\" srcset=\"https:\/\/sindenfermeiro.com.br\/wp-content\/uploads\/2023\/09\/WhatsApp-Image-2023-09-20-at-16.41.37-2-300x200.jpeg 300w, https:\/\/sindenfermeiro.com.br\/wp-content\/uploads\/2023\/09\/WhatsApp-Image-2023-09-20-at-16.41.37-2-1024x682.jpeg 1024w, https:\/\/sindenfermeiro.com.br\/wp-content\/uploads\/2023\/09\/WhatsApp-Image-2023-09-20-at-16.41.37-2-768x512.jpeg 768w, https:\/\/sindenfermeiro.com.br\/wp-content\/uploads\/2023\/09\/WhatsApp-Image-2023-09-20-at-16.41.37-2.jpeg 1280w\" sizes=\"auto, (max-width: 300px) 100vw, 300px\" \/> <img loading=\"lazy\" decoding=\"async\" class=\"alignnone size-medium wp-image-44097\" src=\"https:\/\/sindenfermeiro.com.br\/wp-content\/uploads\/2023\/09\/WhatsApp-Image-2023-09-20-at-16.41.38-300x200.jpeg\" alt=\"\" width=\"300\" height=\"200\" srcset=\"https:\/\/sindenfermeiro.com.br\/wp-content\/uploads\/2023\/09\/WhatsApp-Image-2023-09-20-at-16.41.38-300x200.jpeg 300w, https:\/\/sindenfermeiro.com.br\/wp-content\/uploads\/2023\/09\/WhatsApp-Image-2023-09-20-at-16.41.38-1024x682.jpeg 1024w, https:\/\/sindenfermeiro.com.br\/wp-content\/uploads\/2023\/09\/WhatsApp-Image-2023-09-20-at-16.41.38-768x512.jpeg 768w, https:\/\/sindenfermeiro.com.br\/wp-content\/uploads\/2023\/09\/WhatsApp-Image-2023-09-20-at-16.41.38.jpeg 1280w\" sizes=\"auto, (max-width: 300px) 100vw, 300px\" \/> <img loading=\"lazy\" decoding=\"async\" class=\"alignnone size-medium wp-image-44096\" src=\"https:\/\/sindenfermeiro.com.br\/wp-content\/uploads\/2023\/09\/WhatsApp-Image-2023-09-20-at-16.41.39-300x200.jpeg\" alt=\"\" width=\"300\" height=\"200\" srcset=\"https:\/\/sindenfermeiro.com.br\/wp-content\/uploads\/2023\/09\/WhatsApp-Image-2023-09-20-at-16.41.39-300x200.jpeg 300w, https:\/\/sindenfermeiro.com.br\/wp-content\/uploads\/2023\/09\/WhatsApp-Image-2023-09-20-at-16.41.39-1024x682.jpeg 1024w, https:\/\/sindenfermeiro.com.br\/wp-content\/uploads\/2023\/09\/WhatsApp-Image-2023-09-20-at-16.41.39-768x512.jpeg 768w, https:\/\/sindenfermeiro.com.br\/wp-content\/uploads\/2023\/09\/WhatsApp-Image-2023-09-20-at-16.41.39.jpeg 1280w\" sizes=\"auto, (max-width: 300px) 100vw, 300px\" \/> <img loading=\"lazy\" decoding=\"async\" class=\"alignnone size-medium wp-image-44095\" src=\"https:\/\/sindenfermeiro.com.br\/wp-content\/uploads\/2023\/09\/WhatsApp-Image-2023-09-20-at-16.41.39-1-300x200.jpeg\" alt=\"\" width=\"300\" height=\"200\" srcset=\"https:\/\/sindenfermeiro.com.br\/wp-content\/uploads\/2023\/09\/WhatsApp-Image-2023-09-20-at-16.41.39-1-300x200.jpeg 300w, https:\/\/sindenfermeiro.com.br\/wp-content\/uploads\/2023\/09\/WhatsApp-Image-2023-09-20-at-16.41.39-1-1024x682.jpeg 1024w, https:\/\/sindenfermeiro.com.br\/wp-content\/uploads\/2023\/09\/WhatsApp-Image-2023-09-20-at-16.41.39-1-768x512.jpeg 768w, https:\/\/sindenfermeiro.com.br\/wp-content\/uploads\/2023\/09\/WhatsApp-Image-2023-09-20-at-16.41.39-1.jpeg 1280w\" sizes=\"auto, (max-width: 300px) 100vw, 300px\" \/> <img loading=\"lazy\" decoding=\"async\" class=\"alignnone size-medium wp-image-44094\" src=\"https:\/\/sindenfermeiro.com.br\/wp-content\/uploads\/2023\/09\/WhatsApp-Image-2023-09-20-at-16.41.40-300x200.jpeg\" alt=\"\" width=\"300\" height=\"200\" srcset=\"https:\/\/sindenfermeiro.com.br\/wp-content\/uploads\/2023\/09\/WhatsApp-Image-2023-09-20-at-16.41.40-300x200.jpeg 300w, https:\/\/sindenfermeiro.com.br\/wp-content\/uploads\/2023\/09\/WhatsApp-Image-2023-09-20-at-16.41.40-1024x682.jpeg 1024w, https:\/\/sindenfermeiro.com.br\/wp-content\/uploads\/2023\/09\/WhatsApp-Image-2023-09-20-at-16.41.40-768x512.jpeg 768w, https:\/\/sindenfermeiro.com.br\/wp-content\/uploads\/2023\/09\/WhatsApp-Image-2023-09-20-at-16.41.40.jpeg 1280w\" sizes=\"auto, (max-width: 300px) 100vw, 300px\" \/><\/p>\n","protected":false},"excerpt":{"rendered":"<p>Hoje, \u00e0s 9h30, o Pal\u00e1cio do Buriti foi palco de um ato pela sa\u00fade p\u00fablica do DF. Cerca de 100 pessoas e a dire\u00e7\u00e3o do Sindicato dos Enfermeiros do DF (SindEnfermeiro-DF), se uniram em uma manifesta\u00e7\u00e3o para pedir a nomea\u00e7\u00e3o dos aprovados em concursos p\u00fablicos. Esta mobiliza\u00e7\u00e3o representa um grito de socorro diante da crise [&hellip;]<\/p>\n","protected":false},"author":6,"featured_media":44104,"comment_status":"open","ping_status":"open","sticky":false,"template":"","format":"standard","meta":{"footnotes":""},"categories":[6],"tags":[864,912,863,862],"class_list":["post-44092","post","type-post","status-publish","format-standard","has-post-thumbnail","hentry","category-noticias","tag-aprovados-concurso-ses-2022","tag-camila-piacesi","tag-enfermeiros-da-sesdf","tag-nomeia-ja"],"_links":{"self":[{"href":"https:\/\/sindenfermeiro.com.br\/index.php\/wp-json\/wp\/v2\/posts\/44092","targetHints":{"allow":["GET"]}}],"collection":[{"href":"https:\/\/sindenfermeiro.com.br\/index.php\/wp-json\/wp\/v2\/posts"}],"about":[{"href":"https:\/\/sindenfermeiro.com.br\/index.php\/wp-json\/wp\/v2\/types\/post"}],"author":[{"embeddable":true,"href":"https:\/\/sindenfermeiro.com.br\/index.php\/wp-json\/wp\/v2\/users\/6"}],"replies":[{"embeddable":true,"href":"https:\/\/sindenfermeiro.com.br\/index.php\/wp-json\/wp\/v2\/comments?post=44092"}],"version-history":[{"count":1,"href":"https:\/\/sindenfermeiro.com.br\/index.php\/wp-json\/wp\/v2\/posts\/44092\/revisions"}],"predecessor-version":[{"id":44109,"href":"https:\/\/sindenfermeiro.com.br\/index.php\/wp-json\/wp\/v2\/posts\/44092\/revisions\/44109"}],"wp:featuredmedia":[{"embeddable":true,"href":"https:\/\/sindenfermeiro.com.br\/index.php\/wp-json\/wp\/v2\/media\/44104"}],"wp:attachment":[{"href":"https:\/\/sindenfermeiro.com.br\/index.php\/wp-json\/wp\/v2\/media?parent=44092"}],"wp:term":[{"taxonomy":"category","embeddable":true,"href":"https:\/\/sindenfermeiro.com.br\/index.php\/wp-json\/wp\/v2\/categories?post=44092"},{"taxonomy":"post_tag","embeddable":true,"href":"https:\/\/sindenfermeiro.com.br\/index.php\/wp-json\/wp\/v2\/tags?post=44092"}],"curies":[{"name":"wp","href":"https:\/\/api.w.org\/{rel}","templated":true}]}}