{"id":44086,"date":"2023-09-05T17:04:18","date_gmt":"2023-09-05T20:04:18","guid":{"rendered":"https:\/\/sindenfermeiro.com.br\/?p=44086"},"modified":"2026-04-26T11:02:11","modified_gmt":"2026-04-26T14:02:11","slug":"justica-suspende-reajuste-do-plano-de-saude-do-gdf-para-educadores","status":"publish","type":"post","link":"https:\/\/sindenfermeiro.com.br\/index.php\/2023\/09\/05\/justica-suspende-reajuste-do-plano-de-saude-do-gdf-para-educadores\/","title":{"rendered":"Justi\u00e7a suspende reajuste do plano de sa\u00fade do GDF para educadores"},"content":{"rendered":"<p>Em decis\u00e3o liminar, a Justi\u00e7a do Distrito Federal suspendeu o\u00a0<a href=\"https:\/\/www.metropoles.com\/distrito-federal\/plano-de-saude-dos-servidores-do-df-tera-aumento-medio-de-20-entenda\" target=\"_blank\" rel=\"noopener\">reajuste m\u00e9dio de 20% no plano de sa\u00fade dos servidores do Governo do Distrito Federal<\/a>, o GDF Sa\u00fade, para professores e orientadores educacionais. Cabe recurso da determina\u00e7\u00e3o.<\/p>\n<p data-gtm-vis-recent-on-screen-104869357_94=\"25012\" data-gtm-vis-first-on-screen-104869357_94=\"25012\" data-gtm-vis-total-visible-time-104869357_94=\"100\" data-gtm-vis-has-fired-104869357_94=\"1\">O Sindicato dos Professores no Distrito Federal (Sinpro-DF) entrou com a\u00e7\u00e3o no Tribunal de Justi\u00e7a do DF e dos Territ\u00f3rios (TJDFT) para barrar o aumento nas mensalidades do\u00a0<a href=\"https:\/\/www.metropoles.com\/tag\/plano-de-saude\" target=\"_blank\" rel=\"noopener\">plano de sa\u00fade<\/a>. O pedido foi acolhido pelo juiz Daniel Eduardo Branco Carnacchioni, em determina\u00e7\u00e3o monocr\u00e1tica.<\/p>\n<p>O magistrado identificou falhas na portaria publicada pelo Instituto de Assist\u00eancia \u00e0 Sa\u00fade dos Servidores (<a href=\"https:\/\/www.inas.df.gov.br\/\" target=\"_blank\" rel=\"noopener\">Inas<\/a>), respons\u00e1vel pela gest\u00e3o do conv\u00eanio, para regulamentar o reajuste.<\/p>\n<p>A portaria foi publicada no Di\u00e1rio Oficial do Distrito Federal (DODF). Na senten\u00e7a, o juiz enfatizou que a decis\u00e3o \u00e9 v\u00e1lida s\u00f3 para professores e orientadores.<\/p>\n<p>\u201cOs valores de contribui\u00e7\u00f5es, com novos percentuais, depende de ato do Poder Executivo, ap\u00f3s proposta do conselho de administra\u00e7\u00e3o [do Inas]. Portanto, h\u00e1 v\u00edcio de compet\u00eancia em rela\u00e7\u00e3o \u00e0 portaria, pois a diretora-presidente do Inas n\u00e3o tem a atribui\u00e7\u00e3o legal de alterar os percentuais m\u00e1ximos e m\u00ednimos das contribui\u00e7\u00f5es dos benefici\u00e1rios\u201d, argumentou Carnacchioni.<\/p>\n<div class=\"m-banner-wrap m-banner-rectangle m-publicity-content-middle\">\n<div id=\"div-gpt-ad-distrito-federal-quadrado-2\" class=\"ad-quadrado ad-displayed\" data-google-query-id=\"CNqpqLWglIEDFVFU3QIdD6ENeg\">\n<div id=\"google_ads_iframe_\/123935210\/distrito-federal-quadrado-2_0__container__\">Para o magistrado, pela legisla\u00e7\u00e3o atual, o instituto n\u00e3o tem compet\u00eancia para alterar percentuais de contribui\u00e7\u00f5es. \u201cJamais o Inas poderia estabelecer novos percentuais de contribui\u00e7\u00f5es por portaria. Trata-se de erro t\u00e9cnico grave. Os percentuais devem ser fixados por ato normativo, em especial regulamento do Poder Executivo, conforme imposto por lei. Portanto, seja por v\u00edcio de compet\u00eancia ou de forma, a ilegalidade \u00e9 flagrante\u201d, ressaltou o juiz.<\/div>\n<\/div>\n<\/div>\n<h5>Professores<\/h5>\n<p>O\u00a0<a href=\"https:\/\/www.metropoles.com\/distrito-federal\/reajuste-do-plano-de-saude-dos-servidores-do-gdf-vale-a-partir-de-outubro\" target=\"_blank\" rel=\"noopener\">reajuste come\u00e7aria a ser cobrado em outubro<\/a>. Para o diretor do Sinpro-DF Samuel Fernandes, na forma como foi proposto, o reajuste causaria preju\u00edzos aos educadores.<\/p>\n<p>\u201cO governo lan\u00e7a no DODF o reajuste para o plano de sa\u00fade sem di\u00e1logo com os professores e sem o conselho administrativo estar formado para tomar uma decis\u00e3o desse porte, que afeta diretamente o bolso de milhares de servidores. O Sinpro-DF, para defender o direito da categoria, conseguiu a suspens\u00e3o liminar do reajuste do Inas, suspendendo os efeitos da Portaria n\u00ba 102\/2023, que reajustaria o plano de sa\u00fade. Essa \u00e9 uma vit\u00f3ria\u201d, afirmou.<\/p>\n<p>O GDF Sa\u00fade tem 85 mil inscritos. Desse total, aproximadamente 30 mil (35%) s\u00e3o servidores da Secretaria de Educa\u00e7\u00e3o (SEDF). Al\u00e9m disso, os funcion\u00e1rios da pasta s\u00e3o os que mais usam o plano: em 2022, eles receberam mais de 392 mil atendimentos.<\/p>\n<p>O plano atende servidores ativos, inativos, pensionistas e dependentes. As contribui\u00e7\u00f5es para os da ativa subiram de R$ 400 a R$ 1 mil por pessoa, para o m\u00ednimo de R$ 490 e o m\u00e1ximo de R$ 1.190.<\/p>\n<p>O Inas divulgou que n\u00e3o haveria parcelamento do reajuste, descontado na folha de setembro. \u00c0 \u00e9poca do an\u00fancio da medida, o instituto argumentou que ela seria necess\u00e1ria para sanar perdas inflacion\u00e1rias e manter o equil\u00edbrio do conv\u00eanio.<\/p>\n<p>O\u00a0<strong>Metr\u00f3poles<\/strong>\u00a0entrou contato com Inas sobre a decis\u00e3o. O instituto argumentou que n\u00e3o recebeu a notifica\u00e7\u00e3o da Justi\u00e7a. Por isso, vai aguardar a manifesta\u00e7\u00e3o do tribunal para avaliar o caso e tomar as medidas cab\u00edveis.<\/p>\n","protected":false},"excerpt":{"rendered":"<p>Em decis\u00e3o liminar, a Justi\u00e7a do Distrito Federal suspendeu o\u00a0reajuste m\u00e9dio de 20% no plano de sa\u00fade dos servidores do Governo do Distrito Federal, o GDF Sa\u00fade, para professores e orientadores educacionais. Cabe recurso da determina\u00e7\u00e3o. O Sindicato dos Professores no Distrito Federal (Sinpro-DF) entrou com a\u00e7\u00e3o no Tribunal de Justi\u00e7a do DF e dos [&hellip;]<\/p>\n","protected":false},"author":6,"featured_media":44087,"comment_status":"open","ping_status":"open","sticky":false,"template":"","format":"standard","meta":{"footnotes":""},"categories":[14],"tags":[],"class_list":["post-44086","post","type-post","status-publish","format-standard","has-post-thumbnail","hentry","category-midia"],"_links":{"self":[{"href":"https:\/\/sindenfermeiro.com.br\/index.php\/wp-json\/wp\/v2\/posts\/44086","targetHints":{"allow":["GET"]}}],"collection":[{"href":"https:\/\/sindenfermeiro.com.br\/index.php\/wp-json\/wp\/v2\/posts"}],"about":[{"href":"https:\/\/sindenfermeiro.com.br\/index.php\/wp-json\/wp\/v2\/types\/post"}],"author":[{"embeddable":true,"href":"https:\/\/sindenfermeiro.com.br\/index.php\/wp-json\/wp\/v2\/users\/6"}],"replies":[{"embeddable":true,"href":"https:\/\/sindenfermeiro.com.br\/index.php\/wp-json\/wp\/v2\/comments?post=44086"}],"version-history":[{"count":1,"href":"https:\/\/sindenfermeiro.com.br\/index.php\/wp-json\/wp\/v2\/posts\/44086\/revisions"}],"predecessor-version":[{"id":44088,"href":"https:\/\/sindenfermeiro.com.br\/index.php\/wp-json\/wp\/v2\/posts\/44086\/revisions\/44088"}],"wp:featuredmedia":[{"embeddable":true,"href":"https:\/\/sindenfermeiro.com.br\/index.php\/wp-json\/wp\/v2\/media\/44087"}],"wp:attachment":[{"href":"https:\/\/sindenfermeiro.com.br\/index.php\/wp-json\/wp\/v2\/media?parent=44086"}],"wp:term":[{"taxonomy":"category","embeddable":true,"href":"https:\/\/sindenfermeiro.com.br\/index.php\/wp-json\/wp\/v2\/categories?post=44086"},{"taxonomy":"post_tag","embeddable":true,"href":"https:\/\/sindenfermeiro.com.br\/index.php\/wp-json\/wp\/v2\/tags?post=44086"}],"curies":[{"name":"wp","href":"https:\/\/api.w.org\/{rel}","templated":true}]}}