{"id":44080,"date":"2023-09-01T11:40:08","date_gmt":"2023-09-01T14:40:08","guid":{"rendered":"https:\/\/sindenfermeiro.com.br\/?p=44080"},"modified":"2026-04-26T11:02:13","modified_gmt":"2026-04-26T14:02:13","slug":"falta-de-mil-enfermeiros-em-hospitais-publicos-ameaca-pacientes-no-df","status":"publish","type":"post","link":"https:\/\/sindenfermeiro.com.br\/index.php\/2023\/09\/01\/falta-de-mil-enfermeiros-em-hospitais-publicos-ameaca-pacientes-no-df\/","title":{"rendered":"Falta de mil enfermeiros em hospitais p\u00fablicos amea\u00e7a pacientes no DF"},"content":{"rendered":"<p>Faltam mil\u00a0<a href=\"https:\/\/www.metropoles.com\/tag\/enfermeiros\" target=\"_blank\" rel=\"noopener\">enfermeiros<\/a>\u00a0nos hospitais p\u00fablicos no\u00a0<a href=\"https:\/\/www.metropoles.com\/tag\/hospital-publico\" target=\"_blank\" rel=\"noopener\">Distrito Federal<\/a>, aponta o Sindicato dos Enfermeiros (<a href=\"https:\/\/sindenfermeiro.com.br\/\" target=\"_blank\" rel=\"noopener\">SindEnfermeiro-DF<\/a>). O \u00f3rg\u00e3o alerta ainda que, com o fim dos contratos tempor\u00e1rios, previsto para o pr\u00f3ximo domingo (3\/9), o d\u00e9ficit e o risco de colapso no atendimento ficar\u00e3o maiores.<\/p>\n<p>Pelas contas do sindicato, 98 enfermeiros de 40 horas v\u00e3o deixar as equipes dos hospitais p\u00fablicos a partir da pr\u00f3xima semana.<\/p>\n<p>Segundo memorando de 11 de agosto, o Hospital Regional de Taguatinga (HRT) opera com d\u00e9ficit de 2.312 horas semanais da carreira de enfermeiros e de 6.261 horas semanais da carreira de t\u00e9cnicos de enfermagem.<\/p>\n<p>O hospital tem 27 enfermeiros contratados temporariamente que dever\u00e3o deixar os plant\u00f5es nos pr\u00f3ximos dias. E o problema amea\u00e7a outras unidades da rede p\u00fablica.<\/p>\n<p>\u201cA sa\u00fade p\u00fablica do DF est\u00e1 \u00e0 beira do colapso. A falta de profissionais compromete seriamente a capacidade de atender aos pacientes com a qualidade e seguran\u00e7a\u201d, afirmou o presidente do SindEnfermeiro, Jorge Henrique.<\/p>\n<p>Segundo ele, o problema \u00e9 ainda mais grave, pois h\u00e1 tamb\u00e9m d\u00e9ficit de enfermeiros nas unidades b\u00e1sicas de sa\u00fade (UBS). De acordo com a institui\u00e7\u00e3o, atualmente, a cobertura de estrat\u00e9gia de Sa\u00fade da Fam\u00edlia \u00e9 de apenas 60%.<\/p>\n<h4>Concurso esquecido<\/h4>\n<p>Enquanto faltam enfermeiros, aproximadamente 5 mil candidatos aprovados no \u00faltimo concurso p\u00fablico para enfermeiro aguardam convoca\u00e7\u00e3o.<\/p>\n<p>Para o sindicato, no momento, a maior urg\u00eancia \u00e9 a nomea\u00e7\u00e3o de enfermeiros generalistas para cobrir as vagas nos hospitais. Trata-se, precisamente, do grupo pr\u00e9-selecionado no concurso em aberto.<\/p>\n<blockquote><p>\u201cA nomea\u00e7\u00e3o dos enfermeiros aprovados no concurso de 2022 \u00e9 imprescind\u00edvel para garantir a assist\u00eancia \u00e0 sa\u00fade da popula\u00e7\u00e3o do DF. O d\u00e9ficit de pessoal nos hospitais acaba levando ao fechamento de leitos, lentid\u00e3o dos atendimentos nas emerg\u00eancias, colocando em risco a vida da popula\u00e7\u00e3o. E se temos concurso vigente, n\u00e3o h\u00e1 por que manter essa situa\u00e7\u00e3o como est\u00e1\u201d, comentou a diretora de comunica\u00e7\u00e3o do SindEnfermeiro, Nayara J\u00e9ssica.<\/p><\/blockquote>\n<h4>Outro lado<\/h4>\n<p>O\u00a0<strong>Metr\u00f3poles<\/strong>\u00a0entrou em contato com a Secretaria de Sa\u00fade. Por nota, a pasta confirmou o d\u00e9ficit e o concursos em aberto. Mas n\u00e3o informou se far\u00e1 nomea\u00e7\u00f5es e negou a exist\u00eancia de contratos tempor\u00e1rios.<\/p>\n<p><strong>Leia a nota completa:<\/strong><\/p>\n<blockquote><p><em>A Secretaria de Sa\u00fade informa que h\u00e1 concurso efetivo vigente para o cargo, conforme Edital de abertura n\u00ba 14 de 25\/03\/2022, publicado no DODF Ed. Extra n\u00ba 24 \u2013 A, de 25\/03\/2022, cujo resultado final foi publicado no DODF n\u00ba 166, de 01\/09\/2022 e homologado em 23\/09\/2022, com validade at\u00e9 23\/09\/2024, podendo ser prorrogado uma \u00fanica vez, o qual foram ofertadas 101 vagas imediatas.<\/em><\/p>\n<p><em>At\u00e9 o momento foram nomeados 241 profissionais, conforme DODF n\u00ba 27, de 07\/02\/2023 e DODF Extra n\u00ba 36-A, de 13\/04\/2023. Restando, ainda, 5273 candidatos em cadastro reserva.<\/em><\/p>\n<p><em>A pasta esclarece que n\u00e3o h\u00e1 contrato tempor\u00e1rio vigente ou em andamento.<\/em><br \/>\n<em>O d\u00e9ficit atual, para o cargo de ENFERMEIRO, \u00e9 de 1061 servidores de 20h.<\/em><\/p><\/blockquote>\n<p>Fonte: <a href=\"https:\/\/www.metropoles.com\/colunas\/grande-angular\/falta-de-mil-enfermeiros-em-hospitais-publicos-ameaca-pacientes-no-df\">Metr\u00f3poles\u00a0<\/a><\/p>\n<p>&nbsp;<\/p>\n","protected":false},"excerpt":{"rendered":"<p>Faltam mil\u00a0enfermeiros\u00a0nos hospitais p\u00fablicos no\u00a0Distrito Federal, aponta o Sindicato dos Enfermeiros (SindEnfermeiro-DF). O \u00f3rg\u00e3o alerta ainda que, com o fim dos contratos tempor\u00e1rios, previsto para o pr\u00f3ximo domingo (3\/9), o d\u00e9ficit e o risco de colapso no atendimento ficar\u00e3o maiores. Pelas contas do sindicato, 98 enfermeiros de 40 horas v\u00e3o deixar as equipes dos hospitais [&hellip;]<\/p>\n","protected":false},"author":6,"featured_media":44082,"comment_status":"open","ping_status":"open","sticky":false,"template":"","format":"standard","meta":{"footnotes":""},"categories":[14],"tags":[912],"class_list":["post-44080","post","type-post","status-publish","format-standard","has-post-thumbnail","hentry","category-midia","tag-camila-piacesi"],"_links":{"self":[{"href":"https:\/\/sindenfermeiro.com.br\/index.php\/wp-json\/wp\/v2\/posts\/44080","targetHints":{"allow":["GET"]}}],"collection":[{"href":"https:\/\/sindenfermeiro.com.br\/index.php\/wp-json\/wp\/v2\/posts"}],"about":[{"href":"https:\/\/sindenfermeiro.com.br\/index.php\/wp-json\/wp\/v2\/types\/post"}],"author":[{"embeddable":true,"href":"https:\/\/sindenfermeiro.com.br\/index.php\/wp-json\/wp\/v2\/users\/6"}],"replies":[{"embeddable":true,"href":"https:\/\/sindenfermeiro.com.br\/index.php\/wp-json\/wp\/v2\/comments?post=44080"}],"version-history":[{"count":1,"href":"https:\/\/sindenfermeiro.com.br\/index.php\/wp-json\/wp\/v2\/posts\/44080\/revisions"}],"predecessor-version":[{"id":44083,"href":"https:\/\/sindenfermeiro.com.br\/index.php\/wp-json\/wp\/v2\/posts\/44080\/revisions\/44083"}],"wp:featuredmedia":[{"embeddable":true,"href":"https:\/\/sindenfermeiro.com.br\/index.php\/wp-json\/wp\/v2\/media\/44082"}],"wp:attachment":[{"href":"https:\/\/sindenfermeiro.com.br\/index.php\/wp-json\/wp\/v2\/media?parent=44080"}],"wp:term":[{"taxonomy":"category","embeddable":true,"href":"https:\/\/sindenfermeiro.com.br\/index.php\/wp-json\/wp\/v2\/categories?post=44080"},{"taxonomy":"post_tag","embeddable":true,"href":"https:\/\/sindenfermeiro.com.br\/index.php\/wp-json\/wp\/v2\/tags?post=44080"}],"curies":[{"name":"wp","href":"https:\/\/api.w.org\/{rel}","templated":true}]}}