{"id":44076,"date":"2023-08-31T12:14:06","date_gmt":"2023-08-31T15:14:06","guid":{"rendered":"https:\/\/sindenfermeiro.com.br\/?p=44076"},"modified":"2026-04-29T13:06:06","modified_gmt":"2026-04-29T16:06:06","slug":"enfermeirosas-rejeitam-nova-proposta-do-sbh","status":"publish","type":"post","link":"https:\/\/sindenfermeiro.com.br\/index.php\/2023\/08\/31\/enfermeirosas-rejeitam-nova-proposta-do-sbh\/","title":{"rendered":"Enfermeiros(as) rejeitam Nova Proposta do SBH"},"content":{"rendered":"<p>No dia de ontem (30), o Sindicato dos Enfermeiros do DF promoveu uma assembleia com os enfermeiros e as enfermeiras da rede privada. O objetivo era apresentar a nova proposta do Sindicato Brasiliense de Hospitais, Casas de Sa\u00fade e Cl\u00ednicas (SBH) relacionada \u00e0 implanta\u00e7\u00e3o do piso salarial.<\/p>\n<p>A proposta do sindicato patronal previa implantar o piso salarial da enfermagem em 4 parcelas, uma a cada seis meses, sendo a primeira em outubro. No entanto, os enfermeiros e enfermeiras recusaram a proposta, visto que a luta por um sal\u00e1rio digno j\u00e1 se estende por tr\u00eas anos e a categoria tem pressa pela valoriza\u00e7\u00e3o.<\/p>\n<p>O SindEnfermeiro-DF garante a continuidade incans\u00e1vel na batalha pela implementa\u00e7\u00e3o do piso salarial para os enfermeiros e as enfermeiras que atuam na rede privada. Nossa voz n\u00e3o ser\u00e1 silenciada at\u00e9 alcan\u00e7armos o reconhecimento merecido!<\/p>\n","protected":false},"excerpt":{"rendered":"<p>No dia de ontem (30), o Sindicato dos Enfermeiros do DF promoveu uma assembleia com os enfermeiros e as enfermeiras da rede privada. O objetivo era apresentar a nova proposta do Sindicato Brasiliense de Hospitais, Casas de Sa\u00fade e Cl\u00ednicas (SBH) relacionada \u00e0 implanta\u00e7\u00e3o do piso salarial. A proposta do sindicato patronal previa implantar o [&hellip;]<\/p>\n","protected":false},"author":6,"featured_media":44077,"comment_status":"open","ping_status":"open","sticky":false,"template":"","format":"standard","meta":{"footnotes":""},"categories":[6,818],"tags":[],"class_list":["post-44076","post","type-post","status-publish","format-standard","has-post-thumbnail","hentry","category-noticias","category-piso-salarial"],"_links":{"self":[{"href":"https:\/\/sindenfermeiro.com.br\/index.php\/wp-json\/wp\/v2\/posts\/44076","targetHints":{"allow":["GET"]}}],"collection":[{"href":"https:\/\/sindenfermeiro.com.br\/index.php\/wp-json\/wp\/v2\/posts"}],"about":[{"href":"https:\/\/sindenfermeiro.com.br\/index.php\/wp-json\/wp\/v2\/types\/post"}],"author":[{"embeddable":true,"href":"https:\/\/sindenfermeiro.com.br\/index.php\/wp-json\/wp\/v2\/users\/6"}],"replies":[{"embeddable":true,"href":"https:\/\/sindenfermeiro.com.br\/index.php\/wp-json\/wp\/v2\/comments?post=44076"}],"version-history":[{"count":2,"href":"https:\/\/sindenfermeiro.com.br\/index.php\/wp-json\/wp\/v2\/posts\/44076\/revisions"}],"predecessor-version":[{"id":44079,"href":"https:\/\/sindenfermeiro.com.br\/index.php\/wp-json\/wp\/v2\/posts\/44076\/revisions\/44079"}],"wp:featuredmedia":[{"embeddable":true,"href":"https:\/\/sindenfermeiro.com.br\/index.php\/wp-json\/wp\/v2\/media\/44077"}],"wp:attachment":[{"href":"https:\/\/sindenfermeiro.com.br\/index.php\/wp-json\/wp\/v2\/media?parent=44076"}],"wp:term":[{"taxonomy":"category","embeddable":true,"href":"https:\/\/sindenfermeiro.com.br\/index.php\/wp-json\/wp\/v2\/categories?post=44076"},{"taxonomy":"post_tag","embeddable":true,"href":"https:\/\/sindenfermeiro.com.br\/index.php\/wp-json\/wp\/v2\/tags?post=44076"}],"curies":[{"name":"wp","href":"https:\/\/api.w.org\/{rel}","templated":true}]}}