{"id":44072,"date":"2023-08-30T16:25:48","date_gmt":"2023-08-30T19:25:48","guid":{"rendered":"https:\/\/sindenfermeiro.com.br\/?p=44072"},"modified":"2026-04-26T12:26:13","modified_gmt":"2026-04-26T15:26:13","slug":"44072","status":"publish","type":"post","link":"https:\/\/sindenfermeiro.com.br\/index.php\/2023\/08\/30\/44072\/","title":{"rendered":"Estamos prontos para falar de viol\u00eancia de g\u00eanero e voc\u00ea?"},"content":{"rendered":"<p>O Tv SindEnfermeiro do m\u00eas de agosto falou sobre a viol\u00eancia de g\u00eanero e o papel do enfermeiro e da enfermeira na assist\u00eancia \u00e0s mulheres v\u00edtimas de viol\u00eancia e o trabalho da enfermagem forense, que desempenha um papel fundamental na coleta de evid\u00eancias m\u00e9dicas, presta\u00e7\u00e3o de cuidados de sa\u00fade a v\u00edtimas de crimes, an\u00e1lise de les\u00f5es e colabora\u00e7\u00e3o com profissionais jur\u00eddicos e de seguran\u00e7a para investigar casos criminais e situa\u00e7\u00f5es de viol\u00eancia. Os profissionais da \u00e1rea aplicam conhecimentos cl\u00ednicos para avaliar ferimentos, coletar amostras, fornecer depoimentos especializados em tribunais e ajudar a garantir a justi\u00e7a em quest\u00f5es legais relacionadas \u00e0 sa\u00fade.<\/p>\n<p>O tema est\u00e1 em evidencia e merece destaque pelo Sindicato dos Enfermeiros, porque na semana passada ocorreu o 25\u00ba feminic\u00eddio no DF. Vale lembrar, que ano passado tivemos 24 crimes desse tipo.\u00a0 O Brasil \u00e9 o 5\u00ba pa\u00eds em morte violentas de mulheres em todo o mundo, sendo 66% das mulheres que morreram negras. E, 84% dos profissionais de enfermagem s\u00e3o mulheres.<\/p>\n<p>Para falar sobre o assunto, o TV SindEnfermeiro recebeu a enfermeira forense Mar\u00edlia Perdig\u00e3o.<\/p>\n<p>Mar\u00edlia Perdig\u00e3o Freire Ferro &#8211; Enfermeira Ativista Pol\u00edtica &#8211; P\u00f3s-graduada em Sa\u00fade P\u00fablica e da Sa\u00fade da Fam\u00edlia. Enfermeira Forense fundadora da Liga Nacional da Enfermagem Forense, Professora de P\u00f3s gradua\u00e7\u00e3o, cursos para concursos, t\u00e9cnicos na \u00e1rea de sa\u00fade. Professora da SEDF, Coordenadora HFA &#8211; Hospital das For\u00e7as Armadas. Palestrante Nacional. Lifestyle business \u00e9<br \/>\na idealizadora do Cuidado e Enfermagem Singular- plano de cuidados na promo\u00e7\u00e3o \u00e0 sa\u00fade e longevidade que soma comunica\u00e7\u00e3o n\u00e3o violenta a pr\u00e1ticas Integrativas e bem viver.<\/p>\n<p>Assista ao programa na \u00edntegra<\/p>\n<p><iframe loading=\"lazy\" title=\"TV SindEnfermeiro\" width=\"500\" height=\"281\" src=\"https:\/\/www.youtube.com\/embed\/wOwB1-iDS3A?feature=oembed\" frameborder=\"0\" allow=\"accelerometer; autoplay; clipboard-write; encrypted-media; gyroscope; picture-in-picture; web-share\" referrerpolicy=\"strict-origin-when-cross-origin\" allowfullscreen><\/iframe><\/p>\n","protected":false},"excerpt":{"rendered":"<p>O Tv SindEnfermeiro do m\u00eas de agosto falou sobre a viol\u00eancia de g\u00eanero e o papel do enfermeiro e da enfermeira na assist\u00eancia \u00e0s mulheres v\u00edtimas de viol\u00eancia e o trabalho da enfermagem forense, que desempenha um papel fundamental na coleta de evid\u00eancias m\u00e9dicas, presta\u00e7\u00e3o de cuidados de sa\u00fade a v\u00edtimas de crimes, an\u00e1lise de [&hellip;]<\/p>\n","protected":false},"author":6,"featured_media":44073,"comment_status":"open","ping_status":"open","sticky":false,"template":"","format":"standard","meta":{"footnotes":""},"categories":[6,13,5],"tags":[],"class_list":["post-44072","post","type-post","status-publish","format-standard","has-post-thumbnail","hentry","category-noticias","category-rede-privada","category-rede-publica"],"_links":{"self":[{"href":"https:\/\/sindenfermeiro.com.br\/index.php\/wp-json\/wp\/v2\/posts\/44072","targetHints":{"allow":["GET"]}}],"collection":[{"href":"https:\/\/sindenfermeiro.com.br\/index.php\/wp-json\/wp\/v2\/posts"}],"about":[{"href":"https:\/\/sindenfermeiro.com.br\/index.php\/wp-json\/wp\/v2\/types\/post"}],"author":[{"embeddable":true,"href":"https:\/\/sindenfermeiro.com.br\/index.php\/wp-json\/wp\/v2\/users\/6"}],"replies":[{"embeddable":true,"href":"https:\/\/sindenfermeiro.com.br\/index.php\/wp-json\/wp\/v2\/comments?post=44072"}],"version-history":[{"count":2,"href":"https:\/\/sindenfermeiro.com.br\/index.php\/wp-json\/wp\/v2\/posts\/44072\/revisions"}],"predecessor-version":[{"id":44075,"href":"https:\/\/sindenfermeiro.com.br\/index.php\/wp-json\/wp\/v2\/posts\/44072\/revisions\/44075"}],"wp:featuredmedia":[{"embeddable":true,"href":"https:\/\/sindenfermeiro.com.br\/index.php\/wp-json\/wp\/v2\/media\/44073"}],"wp:attachment":[{"href":"https:\/\/sindenfermeiro.com.br\/index.php\/wp-json\/wp\/v2\/media?parent=44072"}],"wp:term":[{"taxonomy":"category","embeddable":true,"href":"https:\/\/sindenfermeiro.com.br\/index.php\/wp-json\/wp\/v2\/categories?post=44072"},{"taxonomy":"post_tag","embeddable":true,"href":"https:\/\/sindenfermeiro.com.br\/index.php\/wp-json\/wp\/v2\/tags?post=44072"}],"curies":[{"name":"wp","href":"https:\/\/api.w.org\/{rel}","templated":true}]}}