{"id":44069,"date":"2023-08-30T16:14:14","date_gmt":"2023-08-30T19:14:14","guid":{"rendered":"https:\/\/sindenfermeiro.com.br\/?p=44069"},"modified":"2026-04-26T11:02:55","modified_gmt":"2026-04-26T14:02:55","slug":"enfermeira-com-filho-autista-obtem-a-reducao-de-jornada","status":"publish","type":"post","link":"https:\/\/sindenfermeiro.com.br\/index.php\/2023\/08\/30\/enfermeira-com-filho-autista-obtem-a-reducao-de-jornada\/","title":{"rendered":"Enfermeira com filho autista obt\u00e9m a redu\u00e7\u00e3o de jornada"},"content":{"rendered":"<p>A Lei Complementar 840\/11 esclarece que pode ser concedido hor\u00e1rio especial ao servidor que tenha c\u00f4njuge ou dependente com defici\u00eancia ou com doen\u00e7a falciforme. Essa redu\u00e7\u00e3o pode ser de at\u00e9 50% da jornada de trabalho, sem a necessidade de compensa\u00e7\u00e3o ou diminui\u00e7\u00e3o salarial.<\/p>\n<p>Neste sentido, uma enfermeira da Secretaria de Sa\u00fade do DF (SES-DF) solicitou administrativamente por essa redu\u00e7\u00e3o, tendo em vista que seu filho foi diagnosticado com Transtorno do Espectro Autista.<\/p>\n<p>Ap\u00f3s per\u00edcia, a Junta M\u00e9dica concluiu que a enfermeira deveria ter 20% de redu\u00e7\u00e3o. Ocorre que mesmo com o laudo m\u00e9dico, a SES-DF negou a concess\u00e3o do hor\u00e1rio especial, sob a alega\u00e7\u00e3o de que a servidora s\u00f3 poderia ter o hor\u00e1rio especial caso optasse por outro regime que n\u00e3o o de 40 horas.<br \/>\nInconformada, ingressou com uma a\u00e7\u00e3o judicial.<\/p>\n<p>O Juiz pontuou que \u201ccumpre frisar que o direito \u00e0 igualdade de oportunidades em rela\u00e7\u00e3o \u00e0s demais pessoais, principalmente para quem tem defici\u00eancias f\u00edsicas e mentais decorrentes de s\u00edndrome gen\u00e9tica, \u00e9 garantido na Carta Magna e em legisla\u00e7\u00e3o espec\u00edfica, preceitos de observ\u00e2ncia obrigat\u00f3ria pela Administra\u00e7\u00e3o P\u00fablica, sobretudo quando tem servidora em seus quadros, que possui uma filha nessa condi\u00e7\u00e3o.\u201d<\/p>\n<p>Ressaltou que \u201ca inobserv\u00e2ncia da legisla\u00e7\u00e3o pertinente (Estatuto da Pessoa com Defici\u00eancia) implicaria necessariamente em discrimina\u00e7\u00e3o, principalmente ao se privar a servidora de ter o direito de desfrutar tempo maior com seus filhos, quando estes claramente necessitam de maior cuidado que as crian\u00e7as saud\u00e1veis. A aplica\u00e7\u00e3o do princ\u00edpio da igualdade \u00e9 imprescind\u00edvel.\u201d<\/p>\n<p>Assim, o 2\u00aa Juizado Especial da Fazenda P\u00fablica do DF condenou a Secretaria de Sa\u00fade a conceder redu\u00e7\u00e3o de jornada de 20%, sem necessidade de compensa\u00e7\u00e3o ou diminui\u00e7\u00e3o salarial.<\/p>\n<p>N\u00e3o cabe mais recurso.<\/p>\n<p>Fonte: 2\u00aa Juizado Especial da Fazenda P\u00fablica do DF<\/p>\n","protected":false},"excerpt":{"rendered":"<p>A Lei Complementar 840\/11 esclarece que pode ser concedido hor\u00e1rio especial ao servidor que tenha c\u00f4njuge ou dependente com defici\u00eancia ou com doen\u00e7a falciforme. Essa redu\u00e7\u00e3o pode ser de at\u00e9 50% da jornada de trabalho, sem a necessidade de compensa\u00e7\u00e3o ou diminui\u00e7\u00e3o salarial. Neste sentido, uma enfermeira da Secretaria de Sa\u00fade do DF (SES-DF) solicitou [&hellip;]<\/p>\n","protected":false},"author":6,"featured_media":44070,"comment_status":"open","ping_status":"open","sticky":false,"template":"","format":"standard","meta":{"footnotes":""},"categories":[334,6],"tags":[],"class_list":["post-44069","post","type-post","status-publish","format-standard","has-post-thumbnail","hentry","category-juridico","category-noticias"],"_links":{"self":[{"href":"https:\/\/sindenfermeiro.com.br\/index.php\/wp-json\/wp\/v2\/posts\/44069","targetHints":{"allow":["GET"]}}],"collection":[{"href":"https:\/\/sindenfermeiro.com.br\/index.php\/wp-json\/wp\/v2\/posts"}],"about":[{"href":"https:\/\/sindenfermeiro.com.br\/index.php\/wp-json\/wp\/v2\/types\/post"}],"author":[{"embeddable":true,"href":"https:\/\/sindenfermeiro.com.br\/index.php\/wp-json\/wp\/v2\/users\/6"}],"replies":[{"embeddable":true,"href":"https:\/\/sindenfermeiro.com.br\/index.php\/wp-json\/wp\/v2\/comments?post=44069"}],"version-history":[{"count":1,"href":"https:\/\/sindenfermeiro.com.br\/index.php\/wp-json\/wp\/v2\/posts\/44069\/revisions"}],"predecessor-version":[{"id":44071,"href":"https:\/\/sindenfermeiro.com.br\/index.php\/wp-json\/wp\/v2\/posts\/44069\/revisions\/44071"}],"wp:featuredmedia":[{"embeddable":true,"href":"https:\/\/sindenfermeiro.com.br\/index.php\/wp-json\/wp\/v2\/media\/44070"}],"wp:attachment":[{"href":"https:\/\/sindenfermeiro.com.br\/index.php\/wp-json\/wp\/v2\/media?parent=44069"}],"wp:term":[{"taxonomy":"category","embeddable":true,"href":"https:\/\/sindenfermeiro.com.br\/index.php\/wp-json\/wp\/v2\/categories?post=44069"},{"taxonomy":"post_tag","embeddable":true,"href":"https:\/\/sindenfermeiro.com.br\/index.php\/wp-json\/wp\/v2\/tags?post=44069"}],"curies":[{"name":"wp","href":"https:\/\/api.w.org\/{rel}","templated":true}]}}