{"id":44055,"date":"2023-08-24T08:37:09","date_gmt":"2023-08-24T11:37:09","guid":{"rendered":"https:\/\/sindenfermeiro.com.br\/?p=44055"},"modified":"2026-05-01T08:56:52","modified_gmt":"2026-05-01T11:56:52","slug":"entidades-discutem-como-colocar-em-pratica-politica-distrital-de-primeiro-emprego-para-enfermeiros","status":"publish","type":"post","link":"https:\/\/sindenfermeiro.com.br\/index.php\/2023\/08\/24\/entidades-discutem-como-colocar-em-pratica-politica-distrital-de-primeiro-emprego-para-enfermeiros\/","title":{"rendered":"Entidades discutem como colocar em pr\u00e1tica Pol\u00edtica Distrital de Primeiro Emprego para Enfermeiros"},"content":{"rendered":"<p>A\u00a0<a href=\"https:\/\/noticias.r7.com\/brasilia\/camara-legislativa-do-df-aprova-pl-de-auxilio-financeiro-aos-orfaos-do-feminicidio-22082023\">C\u00e2mara Legislativa do Distrito Federal (CLDF)<\/a>\u00a0reuniu, nesta quarta-feira (23), representantes de entidades patronais, do governo e sindicatos para debater a regulamenta\u00e7\u00e3o e implementa\u00e7\u00e3o da lei que institui a\u00a0<a href=\"https:\/\/noticias.r7.com\/brasilia\/governo-do-df-sanciona-lei-que-estabelece-politica-de-primeiro-emprego-para-enfermeiros-20072023\">Pol\u00edtica Distrital de Primeiro Emprego para Enfermeiros<\/a>, sancionada no m\u00eas passado pelo governador Ibaneis Rocha (MDB). O intuito da norma \u00e9 criar alternativas de capacita\u00e7\u00e3o para que os profissionais possam ter acesso ao mercado de trabalho, aliviando o d\u00e9ficit de qualificados na \u00e1rea.<\/p>\n<p>Para a deputada Dayse Amar\u00edlio (PSB), autora da lei, \u00e9 preciso formar pessoas capacitadas para trabalhar em qualquer local. Ela afirma que o desafio est\u00e1 na regulamenta\u00e7\u00e3o. &#8220;Precisamos tentar regulamentar com o m\u00e1ximo de discuss\u00e3o pra que possamos fazer com que a lei realmente saia do papel&#8221;, afirma.<\/p>\n<div class=\"toolkit-ad-shell\">\n<div id=\"article-ad\" data-google-query-id=\"COivu_-V9YADFflR3QIdRlAO9w\">\n<p>Um pr\u00f3ximo encontro foi marcado para setembro e deve reunir, al\u00e9m das entidades presentes nesta quinta-feira, representantes de universidades para debater parcerias e mecanismos para viabilizar a implementa\u00e7\u00e3o da norma.<\/p>\n<div id=\"standard_11\" class=\"st-placement standard_11 inArticle\">\n<div class=\"st-adunit-inarticle st-inarticle-slot\">\n<div class=\"st-adunit st-adunit-tagged st-reset st-show\">\n<div class=\"st-adunit-ad st-reset\">\n<div class=\"st-display-render st-reset open 590x464\">\n<div class=\"st-canvas st-reset full-responsive\">\n<p><strong>Confira as diretrizes da lei:<\/strong><\/p>\n<p>1. Assegurar aos profissionais a prote\u00e7\u00e3o da legisla\u00e7\u00e3o trabalhista e das conven\u00e7\u00f5es ou acordos coletivos de trabalho ou decis\u00f5es normativas aplic\u00e1veis \u00e0 categoria profissional \u00e0 qual estejam vinculados;<\/p>\n<p>2. Assegurar aos profissionais o acesso ao ensino e jornada de trabalho compat\u00edvel com hor\u00e1rio de ensino;<\/p>\n<p>3. Assegurar que as rela\u00e7\u00f5es de emprego beneficiadas com incentivos estejam regulares perante a legisla\u00e7\u00e3o federal do trabalho e da previd\u00eancia, cabendo ao empregador todos os \u00f4nus legais, inclusive os encargos sociais;<\/p>\n<p>4. Assegurar que o encaminhamento a postos de trabalho obede\u00e7a \u00e0 ordem cronol\u00f3gica de inscri\u00e7\u00e3o, respeitadas as prioridades para preenchimento das vagas;<\/p>\n<p>5.\u00a0Assegurar que os profissionais de fam\u00edlias em situa\u00e7\u00e3o de pobreza e que estejam cursando o ensino fundamental tenham prioridade para preenchimento dos postos de trabalho.<\/p>\n<\/div>\n<\/div>\n<\/div>\n<\/div>\n<\/div>\n<\/div>\n<\/div>\n<\/div>\n","protected":false},"excerpt":{"rendered":"<p>A\u00a0C\u00e2mara Legislativa do Distrito Federal (CLDF)\u00a0reuniu, nesta quarta-feira (23), representantes de entidades patronais, do governo e sindicatos para debater a regulamenta\u00e7\u00e3o e implementa\u00e7\u00e3o da lei que institui a\u00a0Pol\u00edtica Distrital de Primeiro Emprego para Enfermeiros, sancionada no m\u00eas passado pelo governador Ibaneis Rocha (MDB). O intuito da norma \u00e9 criar alternativas de capacita\u00e7\u00e3o para que os [&hellip;]<\/p>\n","protected":false},"author":6,"featured_media":44056,"comment_status":"open","ping_status":"open","sticky":false,"template":"","format":"standard","meta":{"footnotes":""},"categories":[14],"tags":[],"class_list":["post-44055","post","type-post","status-publish","format-standard","has-post-thumbnail","hentry","category-midia"],"_links":{"self":[{"href":"https:\/\/sindenfermeiro.com.br\/index.php\/wp-json\/wp\/v2\/posts\/44055","targetHints":{"allow":["GET"]}}],"collection":[{"href":"https:\/\/sindenfermeiro.com.br\/index.php\/wp-json\/wp\/v2\/posts"}],"about":[{"href":"https:\/\/sindenfermeiro.com.br\/index.php\/wp-json\/wp\/v2\/types\/post"}],"author":[{"embeddable":true,"href":"https:\/\/sindenfermeiro.com.br\/index.php\/wp-json\/wp\/v2\/users\/6"}],"replies":[{"embeddable":true,"href":"https:\/\/sindenfermeiro.com.br\/index.php\/wp-json\/wp\/v2\/comments?post=44055"}],"version-history":[{"count":1,"href":"https:\/\/sindenfermeiro.com.br\/index.php\/wp-json\/wp\/v2\/posts\/44055\/revisions"}],"predecessor-version":[{"id":44057,"href":"https:\/\/sindenfermeiro.com.br\/index.php\/wp-json\/wp\/v2\/posts\/44055\/revisions\/44057"}],"wp:featuredmedia":[{"embeddable":true,"href":"https:\/\/sindenfermeiro.com.br\/index.php\/wp-json\/wp\/v2\/media\/44056"}],"wp:attachment":[{"href":"https:\/\/sindenfermeiro.com.br\/index.php\/wp-json\/wp\/v2\/media?parent=44055"}],"wp:term":[{"taxonomy":"category","embeddable":true,"href":"https:\/\/sindenfermeiro.com.br\/index.php\/wp-json\/wp\/v2\/categories?post=44055"},{"taxonomy":"post_tag","embeddable":true,"href":"https:\/\/sindenfermeiro.com.br\/index.php\/wp-json\/wp\/v2\/tags?post=44055"}],"curies":[{"name":"wp","href":"https:\/\/api.w.org\/{rel}","templated":true}]}}