{"id":44050,"date":"2023-08-18T16:40:06","date_gmt":"2023-08-18T19:40:06","guid":{"rendered":"https:\/\/sindenfermeiro.com.br\/?p=44050"},"modified":"2026-05-01T05:40:19","modified_gmt":"2026-05-01T08:40:19","slug":"ultimas-noticias-implantacao-do-piso-salarial","status":"publish","type":"post","link":"https:\/\/sindenfermeiro.com.br\/index.php\/2023\/08\/18\/ultimas-noticias-implantacao-do-piso-salarial\/","title":{"rendered":"\u00daLTIMAS NOT\u00cdCIAS: IMPLANTA\u00c7\u00c3O DO PISO SALARIAL"},"content":{"rendered":"<p>Nesta semana de intensa mobiliza\u00e7\u00e3o, o SindEnfermeiro-DF, representado pela diretora\u00a0Ursula Nepomoceno &#8211; tamb\u00e9m diretora da Federa\u00e7\u00e3o Nacional dos Enfermeiros (FNE) &#8211; marcou presen\u00e7a em agendas cruciais com o F\u00f3rum Nacional da Enfermagem.<\/p>\n<p>Audi\u00eancias estrat\u00e9gicas foram realizadas, incluindo um encontro com a assessoria da Ministra Rosa Weber no STF e um di\u00e1logo com o Ministro Barroso, no dia 15 de agosto.<\/p>\n<p>Pontos sens\u00edveis como as 44 horas de trabalho, proporcionalidade e a quest\u00e3o do vencimento e remunera\u00e7\u00e3o estiveram em pauta, trazendo \u00e0 tona discuss\u00f5es que impactam diretamente os profissionais de enfermagem. No cen\u00e1rio nacional, a quinta-feira, 17 de agosto, trouxe um momento crucial: os dirigentes do F\u00f3rum Nacional da Enfermagem foram recebidos pelo Minist\u00e9rio da Sa\u00fade.<\/p>\n<p>A ocasi\u00e3o foi marcada pela an\u00e1lise minuciosa da cartilha preliminar e da portaria que abordam o repasse dos valores para o t\u00e3o aguardado piso salarial da Enfermagem no setor p\u00fablico.<\/p>\n<p>Outras quest\u00f5es foram abordadas tamb\u00e9m: valores, cronograma de repasse, metodologias de c\u00e1lculo e a preocupa\u00e7\u00e3o com os munic\u00edpios ausentes na portaria foram alguns dos t\u00f3picos de destaque. Al\u00e9m disso, preocupa\u00e7\u00f5es referentes \u00e0 carga hor\u00e1ria de 44 horas, proporcionalidade e a interpreta\u00e7\u00e3o da AGU sobre vencimento e gratifica\u00e7\u00f5es ganharam relev\u00e2ncia na discuss\u00e3o.<\/p>\n<p>A luta pelo piso continua! O SindEnfermeiro-DF n\u00e3o vai desistir e continuar\u00e1 cobrando e lutando para que o piso salarial esteja no contracheque dos enfermeiros e enfermeiras.<\/p>\n","protected":false},"excerpt":{"rendered":"<p>Nesta semana de intensa mobiliza\u00e7\u00e3o, o SindEnfermeiro-DF, representado pela diretora\u00a0Ursula Nepomoceno &#8211; tamb\u00e9m diretora da Federa\u00e7\u00e3o Nacional dos Enfermeiros (FNE) &#8211; marcou presen\u00e7a em agendas cruciais com o F\u00f3rum Nacional da Enfermagem. Audi\u00eancias estrat\u00e9gicas foram realizadas, incluindo um encontro com a assessoria da Ministra Rosa Weber no STF e um di\u00e1logo com o Ministro Barroso, [&hellip;]<\/p>\n","protected":false},"author":6,"featured_media":44051,"comment_status":"open","ping_status":"open","sticky":false,"template":"","format":"standard","meta":{"footnotes":""},"categories":[6,818],"tags":[],"class_list":["post-44050","post","type-post","status-publish","format-standard","has-post-thumbnail","hentry","category-noticias","category-piso-salarial"],"_links":{"self":[{"href":"https:\/\/sindenfermeiro.com.br\/index.php\/wp-json\/wp\/v2\/posts\/44050","targetHints":{"allow":["GET"]}}],"collection":[{"href":"https:\/\/sindenfermeiro.com.br\/index.php\/wp-json\/wp\/v2\/posts"}],"about":[{"href":"https:\/\/sindenfermeiro.com.br\/index.php\/wp-json\/wp\/v2\/types\/post"}],"author":[{"embeddable":true,"href":"https:\/\/sindenfermeiro.com.br\/index.php\/wp-json\/wp\/v2\/users\/6"}],"replies":[{"embeddable":true,"href":"https:\/\/sindenfermeiro.com.br\/index.php\/wp-json\/wp\/v2\/comments?post=44050"}],"version-history":[{"count":1,"href":"https:\/\/sindenfermeiro.com.br\/index.php\/wp-json\/wp\/v2\/posts\/44050\/revisions"}],"predecessor-version":[{"id":44052,"href":"https:\/\/sindenfermeiro.com.br\/index.php\/wp-json\/wp\/v2\/posts\/44050\/revisions\/44052"}],"wp:featuredmedia":[{"embeddable":true,"href":"https:\/\/sindenfermeiro.com.br\/index.php\/wp-json\/wp\/v2\/media\/44051"}],"wp:attachment":[{"href":"https:\/\/sindenfermeiro.com.br\/index.php\/wp-json\/wp\/v2\/media?parent=44050"}],"wp:term":[{"taxonomy":"category","embeddable":true,"href":"https:\/\/sindenfermeiro.com.br\/index.php\/wp-json\/wp\/v2\/categories?post=44050"},{"taxonomy":"post_tag","embeddable":true,"href":"https:\/\/sindenfermeiro.com.br\/index.php\/wp-json\/wp\/v2\/tags?post=44050"}],"curies":[{"name":"wp","href":"https:\/\/api.w.org\/{rel}","templated":true}]}}