{"id":44042,"date":"2023-08-17T15:05:51","date_gmt":"2023-08-17T18:05:51","guid":{"rendered":"https:\/\/sindenfermeiro.com.br\/?p=44042"},"modified":"2026-04-29T13:04:45","modified_gmt":"2026-04-29T16:04:45","slug":"elevando-a-saude-feminina-com-inovacao","status":"publish","type":"post","link":"https:\/\/sindenfermeiro.com.br\/index.php\/2023\/08\/17\/elevando-a-saude-feminina-com-inovacao\/","title":{"rendered":"Elevando a Sa\u00fade Feminina com Inova\u00e7\u00e3o"},"content":{"rendered":"<p><img loading=\"lazy\" decoding=\"async\" class=\"size-medium wp-image-44046 aligncenter\" src=\"https:\/\/sindenfermeiro.com.br\/wp-content\/uploads\/2023\/08\/WhatsApp-Image-2023-08-17-at-14.57.00-300x175.jpeg\" alt=\"\" width=\"300\" height=\"175\" srcset=\"https:\/\/sindenfermeiro.com.br\/wp-content\/uploads\/2023\/08\/WhatsApp-Image-2023-08-17-at-14.57.00-300x175.jpeg 300w, https:\/\/sindenfermeiro.com.br\/wp-content\/uploads\/2023\/08\/WhatsApp-Image-2023-08-17-at-14.57.00-1024x598.jpeg 1024w, https:\/\/sindenfermeiro.com.br\/wp-content\/uploads\/2023\/08\/WhatsApp-Image-2023-08-17-at-14.57.00-768x448.jpeg 768w, https:\/\/sindenfermeiro.com.br\/wp-content\/uploads\/2023\/08\/WhatsApp-Image-2023-08-17-at-14.57.00-1536x897.jpeg 1536w, https:\/\/sindenfermeiro.com.br\/wp-content\/uploads\/2023\/08\/WhatsApp-Image-2023-08-17-at-14.57.00.jpeg 1600w\" sizes=\"auto, (max-width: 300px) 100vw, 300px\" \/><\/p>\n<p>Hoje \u00e9 um dia de comemora\u00e7\u00e3o com o lan\u00e7amento do 1\u00ba curso &#8220;Habilita\u00e7\u00e3o para Inser\u00e7\u00e3o de DIU de Cobre por Enfermeiros(as): Promovendo um Acesso Seguro \u00e0 Contracep\u00e7\u00e3o&#8221;. Esta iniciativa inovadora \u00e9 resultado da colabora\u00e7\u00e3o entre a Aben-DF e a Brazil Foundation, com um valioso apoio do Sindicato dos Enfermeiros do DF.<\/p>\n<p>Durante dois dias de intensa aprendizagem no audit\u00f3rio do Sindicato, os (as) enfermeiros(as) est\u00e3o sendo capacitados com habilidades essenciais para realizar a inser\u00e7\u00e3o do DIU com total seguran\u00e7a.<\/p>\n<div id=\"attachment_44045\" style=\"width: 310px\" class=\"wp-caption aligncenter\"><img loading=\"lazy\" decoding=\"async\" aria-describedby=\"caption-attachment-44045\" class=\"wp-image-44045 size-medium\" src=\"https:\/\/sindenfermeiro.com.br\/wp-content\/uploads\/2023\/08\/WhatsApp-Image-2023-08-17-at-14.57.01-300x225.jpeg\" alt=\"\" width=\"300\" height=\"225\" srcset=\"https:\/\/sindenfermeiro.com.br\/wp-content\/uploads\/2023\/08\/WhatsApp-Image-2023-08-17-at-14.57.01-300x225.jpeg 300w, https:\/\/sindenfermeiro.com.br\/wp-content\/uploads\/2023\/08\/WhatsApp-Image-2023-08-17-at-14.57.01-1024x768.jpeg 1024w, https:\/\/sindenfermeiro.com.br\/wp-content\/uploads\/2023\/08\/WhatsApp-Image-2023-08-17-at-14.57.01-768x576.jpeg 768w, https:\/\/sindenfermeiro.com.br\/wp-content\/uploads\/2023\/08\/WhatsApp-Image-2023-08-17-at-14.57.01-1536x1152.jpeg 1536w, https:\/\/sindenfermeiro.com.br\/wp-content\/uploads\/2023\/08\/WhatsApp-Image-2023-08-17-at-14.57.01.jpeg 1600w\" sizes=\"auto, (max-width: 300px) 100vw, 300px\" \/><p id=\"caption-attachment-44045\" class=\"wp-caption-text\">Curso de capacita\u00e7\u00e3o de enfermeiros e enfermeiras do SUS para inser\u00e7\u00e3o de DIU<\/p><\/div>\n<p>A entidade acredita que este curso ter\u00e1 um impacto profundamente positivo na sa\u00fade e no bem-estar da comunidade. A capacita\u00e7\u00e3o n\u00e3o apenas amplia o acesso a m\u00e9todos contraceptivos altamente eficazes, mas tamb\u00e9m agiliza processo, empodera as mulheres com informa\u00e7\u00f5es abrangentes, e alivia a demanda nos servi\u00e7os de sa\u00fade reprodutiva.<\/p>\n<p>A diretora, Nayara J\u00e9ssica, uma das mentes por tr\u00e1s desse projeto inovador, destaca a import\u00e2ncia de expandir os cuidados de sa\u00fade reprodutiva, especialmente porque nossos enfermeiros(as) s\u00e3o a linha de frente na assist\u00eancia \u00e0 sa\u00fade das mulheres pelo SUS.<\/p>\n<div id=\"attachment_44043\" style=\"width: 310px\" class=\"wp-caption aligncenter\"><img loading=\"lazy\" decoding=\"async\" aria-describedby=\"caption-attachment-44043\" class=\"wp-image-44043 size-medium\" src=\"https:\/\/sindenfermeiro.com.br\/wp-content\/uploads\/2023\/08\/WhatsApp-Image-2023-08-17-at-14.57.22-300x225.jpeg\" alt=\"\" width=\"300\" height=\"225\" srcset=\"https:\/\/sindenfermeiro.com.br\/wp-content\/uploads\/2023\/08\/WhatsApp-Image-2023-08-17-at-14.57.22-300x225.jpeg 300w, https:\/\/sindenfermeiro.com.br\/wp-content\/uploads\/2023\/08\/WhatsApp-Image-2023-08-17-at-14.57.22-1024x768.jpeg 1024w, https:\/\/sindenfermeiro.com.br\/wp-content\/uploads\/2023\/08\/WhatsApp-Image-2023-08-17-at-14.57.22-768x576.jpeg 768w, https:\/\/sindenfermeiro.com.br\/wp-content\/uploads\/2023\/08\/WhatsApp-Image-2023-08-17-at-14.57.22-1536x1152.jpeg 1536w, https:\/\/sindenfermeiro.com.br\/wp-content\/uploads\/2023\/08\/WhatsApp-Image-2023-08-17-at-14.57.22.jpeg 1600w\" sizes=\"auto, (max-width: 300px) 100vw, 300px\" \/><p id=\"caption-attachment-44043\" class=\"wp-caption-text\">Diretora Nayara J\u00e9ssica ministrando o curso<\/p><\/div>\n<p>Durante a inaugura\u00e7\u00e3o do curso, a Dra. Fabiane Fonseca, da COAPS, enfatizou a prioridade de garantir acesso eficaz \u00e0 aten\u00e7\u00e3o prim\u00e1ria para o planejamento familiar. E isso come\u00e7a com o treinamento adequado dos profissionais de sa\u00fade.<\/p>\n<div id=\"attachment_44044\" style=\"width: 310px\" class=\"wp-caption aligncenter\"><img loading=\"lazy\" decoding=\"async\" aria-describedby=\"caption-attachment-44044\" class=\"wp-image-44044 size-medium\" src=\"https:\/\/sindenfermeiro.com.br\/wp-content\/uploads\/2023\/08\/WhatsApp-Image-2023-08-17-at-14.57.01-1-300x225.jpeg\" alt=\"\" width=\"300\" height=\"225\" srcset=\"https:\/\/sindenfermeiro.com.br\/wp-content\/uploads\/2023\/08\/WhatsApp-Image-2023-08-17-at-14.57.01-1-300x225.jpeg 300w, https:\/\/sindenfermeiro.com.br\/wp-content\/uploads\/2023\/08\/WhatsApp-Image-2023-08-17-at-14.57.01-1-1024x768.jpeg 1024w, https:\/\/sindenfermeiro.com.br\/wp-content\/uploads\/2023\/08\/WhatsApp-Image-2023-08-17-at-14.57.01-1-768x576.jpeg 768w, https:\/\/sindenfermeiro.com.br\/wp-content\/uploads\/2023\/08\/WhatsApp-Image-2023-08-17-at-14.57.01-1-1536x1152.jpeg 1536w, https:\/\/sindenfermeiro.com.br\/wp-content\/uploads\/2023\/08\/WhatsApp-Image-2023-08-17-at-14.57.01-1.jpeg 1600w\" sizes=\"auto, (max-width: 300px) 100vw, 300px\" \/><p id=\"caption-attachment-44044\" class=\"wp-caption-text\">Doutora Fabiane Fonseca durante a abertura do curso<\/p><\/div>\n<p>Juntos, estamos construindo um futuro mais saud\u00e1vel e empoderado.<\/p>\n","protected":false},"excerpt":{"rendered":"<p>Hoje \u00e9 um dia de comemora\u00e7\u00e3o com o lan\u00e7amento do 1\u00ba curso &#8220;Habilita\u00e7\u00e3o para Inser\u00e7\u00e3o de DIU de Cobre por Enfermeiros(as): Promovendo um Acesso Seguro \u00e0 Contracep\u00e7\u00e3o&#8221;. Esta iniciativa inovadora \u00e9 resultado da colabora\u00e7\u00e3o entre a Aben-DF e a Brazil Foundation, com um valioso apoio do Sindicato dos Enfermeiros do DF. Durante dois dias de [&hellip;]<\/p>\n","protected":false},"author":6,"featured_media":44046,"comment_status":"open","ping_status":"open","sticky":false,"template":"","format":"standard","meta":{"footnotes":""},"categories":[6],"tags":[],"class_list":["post-44042","post","type-post","status-publish","format-standard","has-post-thumbnail","hentry","category-noticias"],"_links":{"self":[{"href":"https:\/\/sindenfermeiro.com.br\/index.php\/wp-json\/wp\/v2\/posts\/44042","targetHints":{"allow":["GET"]}}],"collection":[{"href":"https:\/\/sindenfermeiro.com.br\/index.php\/wp-json\/wp\/v2\/posts"}],"about":[{"href":"https:\/\/sindenfermeiro.com.br\/index.php\/wp-json\/wp\/v2\/types\/post"}],"author":[{"embeddable":true,"href":"https:\/\/sindenfermeiro.com.br\/index.php\/wp-json\/wp\/v2\/users\/6"}],"replies":[{"embeddable":true,"href":"https:\/\/sindenfermeiro.com.br\/index.php\/wp-json\/wp\/v2\/comments?post=44042"}],"version-history":[{"count":4,"href":"https:\/\/sindenfermeiro.com.br\/index.php\/wp-json\/wp\/v2\/posts\/44042\/revisions"}],"predecessor-version":[{"id":44972,"href":"https:\/\/sindenfermeiro.com.br\/index.php\/wp-json\/wp\/v2\/posts\/44042\/revisions\/44972"}],"wp:featuredmedia":[{"embeddable":true,"href":"https:\/\/sindenfermeiro.com.br\/index.php\/wp-json\/wp\/v2\/media\/44046"}],"wp:attachment":[{"href":"https:\/\/sindenfermeiro.com.br\/index.php\/wp-json\/wp\/v2\/media?parent=44042"}],"wp:term":[{"taxonomy":"category","embeddable":true,"href":"https:\/\/sindenfermeiro.com.br\/index.php\/wp-json\/wp\/v2\/categories?post=44042"},{"taxonomy":"post_tag","embeddable":true,"href":"https:\/\/sindenfermeiro.com.br\/index.php\/wp-json\/wp\/v2\/tags?post=44042"}],"curies":[{"name":"wp","href":"https:\/\/api.w.org\/{rel}","templated":true}]}}