{"id":44039,"date":"2023-08-16T16:53:18","date_gmt":"2023-08-16T19:53:18","guid":{"rendered":"https:\/\/sindenfermeiro.com.br\/?p=44039"},"modified":"2026-04-30T09:01:22","modified_gmt":"2026-04-30T12:01:22","slug":"enfermeira-com-mae-mae-acometida-de-alzheimer-obtem-a-reducao-de-jornada","status":"publish","type":"post","link":"https:\/\/sindenfermeiro.com.br\/index.php\/2023\/08\/16\/enfermeira-com-mae-mae-acometida-de-alzheimer-obtem-a-reducao-de-jornada\/","title":{"rendered":"Enfermeira com m\u00e3e m\u00e3e acometida de Alzheimer obt\u00e9m a redu\u00e7\u00e3o de jornada"},"content":{"rendered":"<p>A Lei Complementar 840\/11 esclarece que pode ser concedido hor\u00e1rio especial ao servidor que tenha c\u00f4njuge ou dependente com defici\u00eancia ou com doen\u00e7a falciforme.<\/p>\n<p>O hor\u00e1rio especial consiste na redu\u00e7\u00e3o de at\u00e9 50% da jornada de trabalho, sem a necessidade de compensa\u00e7\u00e3o ou diminui\u00e7\u00e3o salarial.<\/p>\n<p>Neste sentido, uma enfermeira da Secretaria de Sa\u00fade do DF (SES-DF) solicitou administrativamente por essa redu\u00e7\u00e3o, tendo em vista que sua m\u00e3e est\u00e1 com Alzheimer e necessita de cuidados especiais.<\/p>\n<p>Ap\u00f3s per\u00edcia, a Junta M\u00e9dica concluiu que a enfermeira deveria ter 20% de redu\u00e7\u00e3o.<\/p>\n<p>Ocorre que mesmo com o laudo m\u00e9dico, a SES-DF negou o direito, sob a alega\u00e7\u00e3o de que a servidora s\u00f3 poderia ter o hor\u00e1rio especial caso optasse por outro regime que n\u00e3o o de 40 horas.<\/p>\n<p>Inconformada, ingressou com uma a\u00e7\u00e3o judicial.<\/p>\n<p>O Juiz pontuou que a exig\u00eancia da SES-DF \u201cfere frontalmente o princ\u00edpio constitucional da dignidade da pessoa humana, notadamente aquela portadora de defici\u00eancia, como a m\u00e3e da autora, que naturalmente demanda maiores cuidados e, consequentemente, maior dedica\u00e7\u00e3o por parte de sua filha.\u201d<\/p>\n<p>Assim, o 2\u00aa Juizado Especial da Fazenda P\u00fablica do DF condenou a Secretaria de Sa\u00fade a conceder redu\u00e7\u00e3o de jornada de 20%, sem necessidade de compensa\u00e7\u00e3o ou diminui\u00e7\u00e3o salarial.<\/p>\n<p>N\u00e3o cabe mais recurso.<\/p>\n<p>Fonte: 2\u00aa Juizado Especial da Fazenda P\u00fablica do DF<\/p>\n","protected":false},"excerpt":{"rendered":"<p>A Lei Complementar 840\/11 esclarece que pode ser concedido hor\u00e1rio especial ao servidor que tenha c\u00f4njuge ou dependente com defici\u00eancia ou com doen\u00e7a falciforme. O hor\u00e1rio especial consiste na redu\u00e7\u00e3o de at\u00e9 50% da jornada de trabalho, sem a necessidade de compensa\u00e7\u00e3o ou diminui\u00e7\u00e3o salarial. Neste sentido, uma enfermeira da Secretaria de Sa\u00fade do DF [&hellip;]<\/p>\n","protected":false},"author":6,"featured_media":44040,"comment_status":"open","ping_status":"open","sticky":false,"template":"","format":"standard","meta":{"footnotes":""},"categories":[334],"tags":[],"class_list":["post-44039","post","type-post","status-publish","format-standard","has-post-thumbnail","hentry","category-juridico"],"_links":{"self":[{"href":"https:\/\/sindenfermeiro.com.br\/index.php\/wp-json\/wp\/v2\/posts\/44039","targetHints":{"allow":["GET"]}}],"collection":[{"href":"https:\/\/sindenfermeiro.com.br\/index.php\/wp-json\/wp\/v2\/posts"}],"about":[{"href":"https:\/\/sindenfermeiro.com.br\/index.php\/wp-json\/wp\/v2\/types\/post"}],"author":[{"embeddable":true,"href":"https:\/\/sindenfermeiro.com.br\/index.php\/wp-json\/wp\/v2\/users\/6"}],"replies":[{"embeddable":true,"href":"https:\/\/sindenfermeiro.com.br\/index.php\/wp-json\/wp\/v2\/comments?post=44039"}],"version-history":[{"count":1,"href":"https:\/\/sindenfermeiro.com.br\/index.php\/wp-json\/wp\/v2\/posts\/44039\/revisions"}],"predecessor-version":[{"id":44041,"href":"https:\/\/sindenfermeiro.com.br\/index.php\/wp-json\/wp\/v2\/posts\/44039\/revisions\/44041"}],"wp:featuredmedia":[{"embeddable":true,"href":"https:\/\/sindenfermeiro.com.br\/index.php\/wp-json\/wp\/v2\/media\/44040"}],"wp:attachment":[{"href":"https:\/\/sindenfermeiro.com.br\/index.php\/wp-json\/wp\/v2\/media?parent=44039"}],"wp:term":[{"taxonomy":"category","embeddable":true,"href":"https:\/\/sindenfermeiro.com.br\/index.php\/wp-json\/wp\/v2\/categories?post=44039"},{"taxonomy":"post_tag","embeddable":true,"href":"https:\/\/sindenfermeiro.com.br\/index.php\/wp-json\/wp\/v2\/tags?post=44039"}],"curies":[{"name":"wp","href":"https:\/\/api.w.org\/{rel}","templated":true}]}}