{"id":43970,"date":"2023-08-02T15:56:21","date_gmt":"2023-08-02T18:56:21","guid":{"rendered":"https:\/\/sindenfermeiro.com.br\/?p=43970"},"modified":"2026-04-29T13:07:47","modified_gmt":"2026-04-29T16:07:47","slug":"iges-df-e-condenado-a-pagar-adicional-de-insalubridade-em-periodo-suprimido-a-enfermeira-lotada-no-nucih","status":"publish","type":"post","link":"https:\/\/sindenfermeiro.com.br\/index.php\/2023\/08\/02\/iges-df-e-condenado-a-pagar-adicional-de-insalubridade-em-periodo-suprimido-a-enfermeira-lotada-no-nucih\/","title":{"rendered":"IGES-DF \u00e9 condenado a pagar adicional de insalubridade em per\u00edodo suprimido \u00e0 enfermeira lotada no NUCIH"},"content":{"rendered":"<p>Enfermeira celetista do IGES-DF, lotada no N\u00facleo de Controle de Infec\u00e7\u00e3o Hospitalar \u2013 NUCIH do Hospital de Base, que teve o adicional de insalubridade suspenso no per\u00edodo de outubro\/2020 a janeiro\/2022, sem que houvesse altera\u00e7\u00e3o em suas condi\u00e7\u00f5es de trabalho, teve o direito ao adicional de insalubridade nos meses de suspens\u00e3o reconhecido na Justi\u00e7a do Trabalho.<\/p>\n<p>O Juiz da a\u00e7\u00e3o pontuou que &#8220;a reclamante trouxe inclusive contracheques de outra empregada do mesmo setor que recebeu o adicional durante meses da suspens\u00e3o,demonstrando aus\u00eancia de crit\u00e9rio e desigualdade de tratamento entre trabalhadoras.&#8221;<\/p>\n<p>Ainda cabe recurso.<\/p>\n<p>Fonte: 10\u00aa Vara do Trabalho de Bras\u00edlia<\/p>\n","protected":false},"excerpt":{"rendered":"<p>Enfermeira celetista do IGES-DF, lotada no N\u00facleo de Controle de Infec\u00e7\u00e3o Hospitalar \u2013 NUCIH do Hospital de Base, que teve o adicional de insalubridade suspenso no per\u00edodo de outubro\/2020 a janeiro\/2022, sem que houvesse altera\u00e7\u00e3o em suas condi\u00e7\u00f5es de trabalho, teve o direito ao adicional de insalubridade nos meses de suspens\u00e3o reconhecido na Justi\u00e7a do [&hellip;]<\/p>\n","protected":false},"author":6,"featured_media":43972,"comment_status":"open","ping_status":"open","sticky":false,"template":"","format":"standard","meta":{"footnotes":""},"categories":[334,6],"tags":[],"class_list":["post-43970","post","type-post","status-publish","format-standard","has-post-thumbnail","hentry","category-juridico","category-noticias"],"_links":{"self":[{"href":"https:\/\/sindenfermeiro.com.br\/index.php\/wp-json\/wp\/v2\/posts\/43970","targetHints":{"allow":["GET"]}}],"collection":[{"href":"https:\/\/sindenfermeiro.com.br\/index.php\/wp-json\/wp\/v2\/posts"}],"about":[{"href":"https:\/\/sindenfermeiro.com.br\/index.php\/wp-json\/wp\/v2\/types\/post"}],"author":[{"embeddable":true,"href":"https:\/\/sindenfermeiro.com.br\/index.php\/wp-json\/wp\/v2\/users\/6"}],"replies":[{"embeddable":true,"href":"https:\/\/sindenfermeiro.com.br\/index.php\/wp-json\/wp\/v2\/comments?post=43970"}],"version-history":[{"count":1,"href":"https:\/\/sindenfermeiro.com.br\/index.php\/wp-json\/wp\/v2\/posts\/43970\/revisions"}],"predecessor-version":[{"id":43973,"href":"https:\/\/sindenfermeiro.com.br\/index.php\/wp-json\/wp\/v2\/posts\/43970\/revisions\/43973"}],"wp:featuredmedia":[{"embeddable":true,"href":"https:\/\/sindenfermeiro.com.br\/index.php\/wp-json\/wp\/v2\/media\/43972"}],"wp:attachment":[{"href":"https:\/\/sindenfermeiro.com.br\/index.php\/wp-json\/wp\/v2\/media?parent=43970"}],"wp:term":[{"taxonomy":"category","embeddable":true,"href":"https:\/\/sindenfermeiro.com.br\/index.php\/wp-json\/wp\/v2\/categories?post=43970"},{"taxonomy":"post_tag","embeddable":true,"href":"https:\/\/sindenfermeiro.com.br\/index.php\/wp-json\/wp\/v2\/tags?post=43970"}],"curies":[{"name":"wp","href":"https:\/\/api.w.org\/{rel}","templated":true}]}}