{"id":43956,"date":"2023-07-26T16:46:47","date_gmt":"2023-07-26T19:46:47","guid":{"rendered":"https:\/\/sindenfermeiro.com.br\/?p=43956"},"modified":"2026-04-29T13:07:16","modified_gmt":"2026-04-29T16:07:16","slug":"enfermeira-aposentada-recebe-quase-100-mil-reais-de-precatorios-de-exercicio-findo","status":"publish","type":"post","link":"https:\/\/sindenfermeiro.com.br\/index.php\/2023\/07\/26\/enfermeira-aposentada-recebe-quase-100-mil-reais-de-precatorios-de-exercicio-findo\/","title":{"rendered":"Enfermeira aposentada recebe quase 100 mil reais de precat\u00f3rios de ex\u00e9rcicio findo"},"content":{"rendered":"<p>Exerc\u00edcios findos s\u00e3o valores que deveriam ser pagos aos servidores do GDF em determinado ano.<\/p>\n<p>Se essas quantias n\u00e3o forem quitadas no mesmo ano, a administra\u00e7\u00e3o p\u00fablica emite um documento reconhecendo essa d\u00edvida, mas diz que s\u00f3 ir\u00e1 pagar quando houver dota\u00e7\u00e3o or\u00e7ament\u00e1ria.<\/p>\n<p>No caso, a enfermeira recebeu a sua declara\u00e7\u00e3o de exerc\u00edcios findos e verificou que tinha pouco mais de R$ 85 mil a receber de diferen\u00e7a de gratifica\u00e7\u00e3o de titula\u00e7\u00e3o, progress\u00e3o funcional, GCET, GAB e abono de perman\u00eancia.<\/p>\n<p>Ingressou com uma a\u00e7\u00e3o judicial de cobran\u00e7a e em janeiro de 2021 foi emitido um Precat\u00f3rio.<\/p>\n<p>Por ser idosa, entrou em uma lista preferencial de pagamento, de modo que em maio de 2023 recebeu o pagamento do valor l\u00edquido de R$ 99.882,87.<\/p>\n<p>Voc\u00ea j\u00e1 solicitou a sua declara\u00e7\u00e3o de exerc\u00edcios findos?<\/p>\n<p>Entre em contato para saber mais.<\/p>\n<p><em>Fonte: 8\u00aa Vara da Fazenda P\u00fablica do DF e Gabinete da Coordena\u00e7\u00e3o de Concilia\u00e7\u00e3o de Precat\u00f3rios \u2013 COORPRE<\/em><\/p>\n","protected":false},"excerpt":{"rendered":"<p>Exerc\u00edcios findos s\u00e3o valores que deveriam ser pagos aos servidores do GDF em determinado ano. Se essas quantias n\u00e3o forem quitadas no mesmo ano, a administra\u00e7\u00e3o p\u00fablica emite um documento reconhecendo essa d\u00edvida, mas diz que s\u00f3 ir\u00e1 pagar quando houver dota\u00e7\u00e3o or\u00e7ament\u00e1ria. No caso, a enfermeira recebeu a sua declara\u00e7\u00e3o de exerc\u00edcios findos e [&hellip;]<\/p>\n","protected":false},"author":6,"featured_media":43957,"comment_status":"open","ping_status":"open","sticky":false,"template":"","format":"standard","meta":{"footnotes":""},"categories":[334,6],"tags":[],"class_list":["post-43956","post","type-post","status-publish","format-standard","has-post-thumbnail","hentry","category-juridico","category-noticias"],"_links":{"self":[{"href":"https:\/\/sindenfermeiro.com.br\/index.php\/wp-json\/wp\/v2\/posts\/43956","targetHints":{"allow":["GET"]}}],"collection":[{"href":"https:\/\/sindenfermeiro.com.br\/index.php\/wp-json\/wp\/v2\/posts"}],"about":[{"href":"https:\/\/sindenfermeiro.com.br\/index.php\/wp-json\/wp\/v2\/types\/post"}],"author":[{"embeddable":true,"href":"https:\/\/sindenfermeiro.com.br\/index.php\/wp-json\/wp\/v2\/users\/6"}],"replies":[{"embeddable":true,"href":"https:\/\/sindenfermeiro.com.br\/index.php\/wp-json\/wp\/v2\/comments?post=43956"}],"version-history":[{"count":1,"href":"https:\/\/sindenfermeiro.com.br\/index.php\/wp-json\/wp\/v2\/posts\/43956\/revisions"}],"predecessor-version":[{"id":43958,"href":"https:\/\/sindenfermeiro.com.br\/index.php\/wp-json\/wp\/v2\/posts\/43956\/revisions\/43958"}],"wp:featuredmedia":[{"embeddable":true,"href":"https:\/\/sindenfermeiro.com.br\/index.php\/wp-json\/wp\/v2\/media\/43957"}],"wp:attachment":[{"href":"https:\/\/sindenfermeiro.com.br\/index.php\/wp-json\/wp\/v2\/media?parent=43956"}],"wp:term":[{"taxonomy":"category","embeddable":true,"href":"https:\/\/sindenfermeiro.com.br\/index.php\/wp-json\/wp\/v2\/categories?post=43956"},{"taxonomy":"post_tag","embeddable":true,"href":"https:\/\/sindenfermeiro.com.br\/index.php\/wp-json\/wp\/v2\/tags?post=43956"}],"curies":[{"name":"wp","href":"https:\/\/api.w.org\/{rel}","templated":true}]}}