{"id":43952,"date":"2023-07-20T16:06:39","date_gmt":"2023-07-20T19:06:39","guid":{"rendered":"https:\/\/sindenfermeiro.com.br\/?p=43952"},"modified":"2026-04-29T13:03:17","modified_gmt":"2026-04-29T16:03:17","slug":"nota-de-repudio","status":"publish","type":"post","link":"https:\/\/sindenfermeiro.com.br\/index.php\/2023\/07\/20\/nota-de-repudio\/","title":{"rendered":"Nota de rep\u00fadio"},"content":{"rendered":"<p>O Sindicato dos Enfermeiros do DF (SindEnfermeiro-DF) vem, por meio dessa nota, mais uma vez, repudiar a viol\u00eancia sofrida pela enfermagem. Nossa categoria, al\u00e9m de sofrer com sal\u00e1rios baixos e ter p\u00e9ssimas condi\u00e7\u00f5es de trabalho, ainda \u00e9 humilhada com frequ\u00eancia. Hoje (20) uma t\u00e9cnica de enfermagem sofreu uma tentativa de homic\u00eddio por uma paciente portando uma faca e uma tesoura.<\/p>\n<p>A jovem de 20 anos foi presa em flagrante pela Pol\u00edcia Militar (PMDF), ap\u00f3s tentar matar uma t\u00e9cnica de enfermagem e ferir um seguran\u00e7a, na Unidade B\u00e1sica de Sa\u00fade 12 (UBS12), em Samambaia, no Distrito Federal. A paciente ficou furiosa em raz\u00e3o da suposta demora em receber a aplica\u00e7\u00e3o de um contraceptivo.<\/p>\n<p>No m\u00eas passado, a mulher j\u00e1 tinha feito amea\u00e7as a t\u00e9cnica de enfermagem tamb\u00e9m pela demora no atendimento. Na semana passada, uma enfermeira foi v\u00edtima de racismo por uma paciente, tamb\u00e9m agoniada para ser atendida.<\/p>\n<p>Estes epis\u00f3dios de viol\u00eancia precisam acabar. Nossa categoria est\u00e1 cansada e adoecida. As agress\u00f5es f\u00edsicas e as verbais trazem efeitos negativos \u00e0 sa\u00fade dos trabalhadores como tristeza, raiva, desapontamento, medo, e perda da satisfa\u00e7\u00e3o com o trabalho.<\/p>\n<p>As agress\u00f5es no ambiente de trabalho resultam na baixa autoestima, gera depress\u00e3o, gera ansiedade e gera tamb\u00e9m a falta de motiva\u00e7\u00e3o, al\u00e9m claro de outros dist\u00farbios emocionais, que comprometem a efic\u00e1cia profissional.<\/p>\n<p>Estas situa\u00e7\u00f5es de viol\u00eancia s\u00e3o reflexo, tamb\u00e9m, da precariza\u00e7\u00e3o do trabalho, caracterizada pela falta de profissionais, refletindo, assim na assist\u00eancia \u00e0 popula\u00e7\u00e3o.<br \/>\nS\u00e3o necess\u00e1rias iniciativas de preven\u00e7\u00e3o da viol\u00eancia, como a\u00e7\u00f5es educativas; seguran\u00e7a para as profissionais que sofreram viol\u00eancia; e responsabiliza\u00e7\u00e3o dos agressores.<\/p>\n<p>Basta de viol\u00eancia contra a enfermagem!<\/p>\n<p>O Sindicato alerta que a agress\u00e3o aos profissionais de sa\u00fade no ambiente de trabalho, n\u00e3o agilizar\u00e1 nenhum atendimento. E a enfermeira ou o enfermeiro n\u00e3o podem fazer nada para agilizar o seu atendimento. Existe um protocolo de atendimento que precisa ser seguido.<\/p>\n","protected":false},"excerpt":{"rendered":"<p>O Sindicato dos Enfermeiros do DF (SindEnfermeiro-DF) vem, por meio dessa nota, mais uma vez, repudiar a viol\u00eancia sofrida pela enfermagem. Nossa categoria, al\u00e9m de sofrer com sal\u00e1rios baixos e ter p\u00e9ssimas condi\u00e7\u00f5es de trabalho, ainda \u00e9 humilhada com frequ\u00eancia. Hoje (20) uma t\u00e9cnica de enfermagem sofreu uma tentativa de homic\u00eddio por uma paciente portando [&hellip;]<\/p>\n","protected":false},"author":6,"featured_media":43953,"comment_status":"open","ping_status":"open","sticky":false,"template":"","format":"standard","meta":{"footnotes":""},"categories":[6],"tags":[],"class_list":["post-43952","post","type-post","status-publish","format-standard","has-post-thumbnail","hentry","category-noticias"],"_links":{"self":[{"href":"https:\/\/sindenfermeiro.com.br\/index.php\/wp-json\/wp\/v2\/posts\/43952","targetHints":{"allow":["GET"]}}],"collection":[{"href":"https:\/\/sindenfermeiro.com.br\/index.php\/wp-json\/wp\/v2\/posts"}],"about":[{"href":"https:\/\/sindenfermeiro.com.br\/index.php\/wp-json\/wp\/v2\/types\/post"}],"author":[{"embeddable":true,"href":"https:\/\/sindenfermeiro.com.br\/index.php\/wp-json\/wp\/v2\/users\/6"}],"replies":[{"embeddable":true,"href":"https:\/\/sindenfermeiro.com.br\/index.php\/wp-json\/wp\/v2\/comments?post=43952"}],"version-history":[{"count":2,"href":"https:\/\/sindenfermeiro.com.br\/index.php\/wp-json\/wp\/v2\/posts\/43952\/revisions"}],"predecessor-version":[{"id":43955,"href":"https:\/\/sindenfermeiro.com.br\/index.php\/wp-json\/wp\/v2\/posts\/43952\/revisions\/43955"}],"wp:featuredmedia":[{"embeddable":true,"href":"https:\/\/sindenfermeiro.com.br\/index.php\/wp-json\/wp\/v2\/media\/43953"}],"wp:attachment":[{"href":"https:\/\/sindenfermeiro.com.br\/index.php\/wp-json\/wp\/v2\/media?parent=43952"}],"wp:term":[{"taxonomy":"category","embeddable":true,"href":"https:\/\/sindenfermeiro.com.br\/index.php\/wp-json\/wp\/v2\/categories?post=43952"},{"taxonomy":"post_tag","embeddable":true,"href":"https:\/\/sindenfermeiro.com.br\/index.php\/wp-json\/wp\/v2\/tags?post=43952"}],"curies":[{"name":"wp","href":"https:\/\/api.w.org\/{rel}","templated":true}]}}