{"id":43948,"date":"2023-07-19T10:44:45","date_gmt":"2023-07-19T13:44:45","guid":{"rendered":"https:\/\/sindenfermeiro.com.br\/?p=43948"},"modified":"2026-04-29T14:23:50","modified_gmt":"2026-04-29T17:23:50","slug":"e-permitido-amamentar-durante-o-expediente-sim","status":"publish","type":"post","link":"https:\/\/sindenfermeiro.com.br\/index.php\/2023\/07\/19\/e-permitido-amamentar-durante-o-expediente-sim\/","title":{"rendered":"\u00c9 permitido amamentar durante o expediente, sim!"},"content":{"rendered":"<p>O Jur\u00eddico do Sindicato dos Enfermeiros do Distrito Federal conseguiu uma decis\u00e3o antecipada que permite que as Enfermeiras da Secretaria de Sa\u00fade do DF possam amamentar seus filhos durante o expediente, sem a necessidade de compensa\u00e7\u00e3o de hor\u00e1rio ou descontos salariais.<\/p>\n<p>Conhece algu\u00e9m que teve esse direito negado ou sofreu algum desconto por esse motivo?<\/p>\n<p>Encaminha esse v\u00eddeo! Estamos \u00e0 disposi\u00e7\u00e3o caso tenham qualquer d\u00favida.<\/p>\n<p>&nbsp;<\/p>\n<div style=\"width: 368px;\" class=\"wp-video\"><video class=\"wp-video-shortcode\" id=\"video-43948-1\" width=\"368\" height=\"656\" preload=\"metadata\" controls=\"controls\"><source type=\"video\/mp4\" src=\"https:\/\/sindenfermeiro.com.br\/wp-content\/uploads\/2023\/07\/WhatsApp-Video-2023-07-10-at-08.52.12.mp4?_=1\" \/><a href=\"https:\/\/sindenfermeiro.com.br\/wp-content\/uploads\/2023\/07\/WhatsApp-Video-2023-07-10-at-08.52.12.mp4\">https:\/\/sindenfermeiro.com.br\/wp-content\/uploads\/2023\/07\/WhatsApp-Video-2023-07-10-at-08.52.12.mp4<\/a><\/video><\/div>\n","protected":false},"excerpt":{"rendered":"<p>O Jur\u00eddico do Sindicato dos Enfermeiros do Distrito Federal conseguiu uma decis\u00e3o antecipada que permite que as Enfermeiras da Secretaria de Sa\u00fade do DF possam amamentar seus filhos durante o expediente, sem a necessidade de compensa\u00e7\u00e3o de hor\u00e1rio ou descontos salariais. Conhece algu\u00e9m que teve esse direito negado ou sofreu algum desconto por esse motivo? [&hellip;]<\/p>\n","protected":false},"author":6,"featured_media":0,"comment_status":"open","ping_status":"open","sticky":false,"template":"","format":"standard","meta":{"footnotes":""},"categories":[334,6,5,3],"tags":[585,275,861,860,859,236],"class_list":["post-43948","post","type-post","status-publish","format-standard","hentry","category-juridico","category-noticias","category-rede-publica","category-slider_noticias","tag-enfermeira","tag-enfermeiro","tag-expediente","tag-gestante","tag-lactacao","tag-ses"],"_links":{"self":[{"href":"https:\/\/sindenfermeiro.com.br\/index.php\/wp-json\/wp\/v2\/posts\/43948","targetHints":{"allow":["GET"]}}],"collection":[{"href":"https:\/\/sindenfermeiro.com.br\/index.php\/wp-json\/wp\/v2\/posts"}],"about":[{"href":"https:\/\/sindenfermeiro.com.br\/index.php\/wp-json\/wp\/v2\/types\/post"}],"author":[{"embeddable":true,"href":"https:\/\/sindenfermeiro.com.br\/index.php\/wp-json\/wp\/v2\/users\/6"}],"replies":[{"embeddable":true,"href":"https:\/\/sindenfermeiro.com.br\/index.php\/wp-json\/wp\/v2\/comments?post=43948"}],"version-history":[{"count":1,"href":"https:\/\/sindenfermeiro.com.br\/index.php\/wp-json\/wp\/v2\/posts\/43948\/revisions"}],"predecessor-version":[{"id":43950,"href":"https:\/\/sindenfermeiro.com.br\/index.php\/wp-json\/wp\/v2\/posts\/43948\/revisions\/43950"}],"wp:attachment":[{"href":"https:\/\/sindenfermeiro.com.br\/index.php\/wp-json\/wp\/v2\/media?parent=43948"}],"wp:term":[{"taxonomy":"category","embeddable":true,"href":"https:\/\/sindenfermeiro.com.br\/index.php\/wp-json\/wp\/v2\/categories?post=43948"},{"taxonomy":"post_tag","embeddable":true,"href":"https:\/\/sindenfermeiro.com.br\/index.php\/wp-json\/wp\/v2\/tags?post=43948"}],"curies":[{"name":"wp","href":"https:\/\/api.w.org\/{rel}","templated":true}]}}