{"id":43937,"date":"2023-07-19T09:41:58","date_gmt":"2023-07-19T12:41:58","guid":{"rendered":"https:\/\/sindenfermeiro.com.br\/?p=43937"},"modified":"2026-04-26T11:01:21","modified_gmt":"2026-04-26T14:01:21","slug":"sindenfermeiro-ganha-acao-gmov","status":"publish","type":"post","link":"https:\/\/sindenfermeiro.com.br\/index.php\/2023\/07\/19\/sindenfermeiro-ganha-acao-gmov\/","title":{"rendered":"SindEnfermeiro ganha a\u00e7\u00e3o de retroativos de GMOV de 2010 a 2013"},"content":{"rendered":"<p>O Sindicato dos Enfermeiros do DF ganhou a\u00e7\u00e3o referente ao pagamento da Gratifica\u00e7\u00e3o de Movimenta\u00e7\u00e3o (GMOV), retorativo aos anos de 2010 a 2013. Agora, para que a senten\u00e7a seja executada, ou seja, que os valores sejam atualizados e enviados aos enfermeiros, \u00e9 necess\u00e1rio que os envolvidos (com nome na lista em anexo) enviem a procura\u00e7\u00e3o (do link abaixo) ao advogado \u00c1lvaro Castro (advogado do SindEnfermeiro-DF).<\/p>\n<p>Para mais informa\u00e7\u00f5es ou em caso de d\u00favidas, ligue para o Sindicato dos Enfermeiros do DF, pelos n\u00fameros de telefone: 61 3273-0307 (geral) ou 61 99277-3825 (jur\u00eddico)<\/p>\n<p>Aten\u00e7\u00e3o, o Sindicato tem poucos dias para recolher a procura\u00e7\u00e3o, por isso se eu nome est\u00e1 na lista, assine e envie com urg\u00eancia para o e-mail: <a href=\"mailto:alvarocastro.adv@gmail.com\">alvarocastro.adv@gmail.com<\/a><\/p>\n<p>&nbsp;<\/p>\n<div style=\"width: 1080px;\" class=\"wp-video\"><video class=\"wp-video-shortcode\" id=\"video-43937-1\" width=\"1080\" height=\"1920\" preload=\"metadata\" controls=\"controls\"><source type=\"video\/mp4\" src=\"https:\/\/sindenfermeiro.com.br\/wp-content\/uploads\/2023\/07\/video-alvaro-gmov.mp4?_=1\" \/><a href=\"https:\/\/sindenfermeiro.com.br\/wp-content\/uploads\/2023\/07\/video-alvaro-gmov.mp4\">https:\/\/sindenfermeiro.com.br\/wp-content\/uploads\/2023\/07\/video-alvaro-gmov.mp4<\/a><\/video><\/div>\n<p>&nbsp;<\/p>\n<p><a href=\"https:\/\/sindenfermeiro.com.br\/wp-content\/uploads\/2023\/07\/LEVANTAMENTO-DE-SINDICALIZADOS-QUE-NAO-ENVIARAM-A-PROCURACAO-17.07.2023.pdf\">LISTA COM NOMES DE ENFERMEIROS QUE AINDA N\u00c3O ENVIARAM A PROCURA\u00c7\u00c3O<\/a><\/p>\n<p>&nbsp;<\/p>\n<p><a href=\"https:\/\/sindenfermeiro.com.br\/wp-content\/uploads\/2023\/07\/Procuracao_contrato-Gmov.pdf\">SEU NOME EST\u00c1 NA LISTA, ASSINE A PROCURA\u00c7\u00c3O<\/a><\/p>\n<p>&nbsp;<\/p>\n<p><a href=\"https:\/\/sindenfermeiro.com.br\/wp-content\/uploads\/2023\/07\/COMUNICADO-AOS-SINDICALIZADOS-PARA-ENCAMINHAMENTO-DA-PROCURACAO-GMOV-3aReiteracao.pdf\">COMUNICADO SOBRE A PROCURA\u00c7\u00c3O<\/a><\/p>\n","protected":false},"excerpt":{"rendered":"<p>O Sindicato dos Enfermeiros do DF ganhou a\u00e7\u00e3o referente ao pagamento da Gratifica\u00e7\u00e3o de Movimenta\u00e7\u00e3o (GMOV), retorativo aos anos de 2010 a 2013. Agora, para que a senten\u00e7a seja executada, ou seja, que os valores sejam atualizados e enviados aos enfermeiros, \u00e9 necess\u00e1rio que os envolvidos (com nome na lista em anexo) enviem a procura\u00e7\u00e3o [&hellip;]<\/p>\n","protected":false},"author":6,"featured_media":43942,"comment_status":"open","ping_status":"open","sticky":false,"template":"","format":"standard","meta":{"footnotes":""},"categories":[334,6],"tags":[856,80,858,857,21],"class_list":["post-43937","post","type-post","status-publish","format-standard","has-post-thumbnail","hentry","category-juridico","category-noticias","tag-acao","tag-gmov","tag-gratificacao-de-movimentacao","tag-retorativo-aos-anos-de-2010-a-2013","tag-sindenfermeiro"],"_links":{"self":[{"href":"https:\/\/sindenfermeiro.com.br\/index.php\/wp-json\/wp\/v2\/posts\/43937","targetHints":{"allow":["GET"]}}],"collection":[{"href":"https:\/\/sindenfermeiro.com.br\/index.php\/wp-json\/wp\/v2\/posts"}],"about":[{"href":"https:\/\/sindenfermeiro.com.br\/index.php\/wp-json\/wp\/v2\/types\/post"}],"author":[{"embeddable":true,"href":"https:\/\/sindenfermeiro.com.br\/index.php\/wp-json\/wp\/v2\/users\/6"}],"replies":[{"embeddable":true,"href":"https:\/\/sindenfermeiro.com.br\/index.php\/wp-json\/wp\/v2\/comments?post=43937"}],"version-history":[{"count":5,"href":"https:\/\/sindenfermeiro.com.br\/index.php\/wp-json\/wp\/v2\/posts\/43937\/revisions"}],"predecessor-version":[{"id":43947,"href":"https:\/\/sindenfermeiro.com.br\/index.php\/wp-json\/wp\/v2\/posts\/43937\/revisions\/43947"}],"wp:featuredmedia":[{"embeddable":true,"href":"https:\/\/sindenfermeiro.com.br\/index.php\/wp-json\/wp\/v2\/media\/43942"}],"wp:attachment":[{"href":"https:\/\/sindenfermeiro.com.br\/index.php\/wp-json\/wp\/v2\/media?parent=43937"}],"wp:term":[{"taxonomy":"category","embeddable":true,"href":"https:\/\/sindenfermeiro.com.br\/index.php\/wp-json\/wp\/v2\/categories?post=43937"},{"taxonomy":"post_tag","embeddable":true,"href":"https:\/\/sindenfermeiro.com.br\/index.php\/wp-json\/wp\/v2\/tags?post=43937"}],"curies":[{"name":"wp","href":"https:\/\/api.w.org\/{rel}","templated":true}]}}