{"id":43934,"date":"2023-07-18T16:54:07","date_gmt":"2023-07-18T19:54:07","guid":{"rendered":"https:\/\/sindenfermeiro.com.br\/?p=43934"},"modified":"2026-04-29T13:07:20","modified_gmt":"2026-04-29T16:07:20","slug":"sindicato-dos-enfermeiros-do-df-ganhou-acao-sobre-licenca-maternidade-das-enfermeiras","status":"publish","type":"post","link":"https:\/\/sindenfermeiro.com.br\/index.php\/2023\/07\/18\/sindicato-dos-enfermeiros-do-df-ganhou-acao-sobre-licenca-maternidade-das-enfermeiras\/","title":{"rendered":"Sindicato dos Enfermeiros do DF ganhou a\u00e7\u00e3o sobre licen\u00e7a maternidade das enfermeiras"},"content":{"rendered":"<p>Em 14 de julho de 2023, a 8\u00ba Vara da Fazenda P\u00fablica do Distrito Federal julgou procedente a a\u00e7\u00e3o coletiva ajuizada pelo Sindicato dos Enfermeiros do DF e compeliu a Secretaria de Sa\u00fade do DF a considerar como termo inicial da licen\u00e7a maternidade das enfermeiras a alta hospitalar da m\u00e3e ou do rec\u00e9m-nascido.<\/p>\n<p>No caso da licen\u00e7a paternidade, dever\u00e1 ser considerada a alta m\u00e9dica do rec\u00e9m-nascido. Por fim, o per\u00edodo entre a data do parto e a alta hospitalar da m\u00e3e ou do rec\u00e9m-nascido ser\u00e1 de licen\u00e7a por motivo de doen\u00e7a em pessoa da fam\u00edlia.<\/p>\n<p>Ainda cabe recurso.<\/p>\n<p><em>Fonte: 8\u00ba Vara da Fazenda P\u00fablica do Distrito Federal<\/em><\/p>\n","protected":false},"excerpt":{"rendered":"<p>Em 14 de julho de 2023, a 8\u00ba Vara da Fazenda P\u00fablica do Distrito Federal julgou procedente a a\u00e7\u00e3o coletiva ajuizada pelo Sindicato dos Enfermeiros do DF e compeliu a Secretaria de Sa\u00fade do DF a considerar como termo inicial da licen\u00e7a maternidade das enfermeiras a alta hospitalar da m\u00e3e ou do rec\u00e9m-nascido. No caso [&hellip;]<\/p>\n","protected":false},"author":6,"featured_media":43935,"comment_status":"open","ping_status":"open","sticky":false,"template":"","format":"standard","meta":{"footnotes":""},"categories":[334,6,5,3],"tags":[],"class_list":["post-43934","post","type-post","status-publish","format-standard","has-post-thumbnail","hentry","category-juridico","category-noticias","category-rede-publica","category-slider_noticias"],"_links":{"self":[{"href":"https:\/\/sindenfermeiro.com.br\/index.php\/wp-json\/wp\/v2\/posts\/43934","targetHints":{"allow":["GET"]}}],"collection":[{"href":"https:\/\/sindenfermeiro.com.br\/index.php\/wp-json\/wp\/v2\/posts"}],"about":[{"href":"https:\/\/sindenfermeiro.com.br\/index.php\/wp-json\/wp\/v2\/types\/post"}],"author":[{"embeddable":true,"href":"https:\/\/sindenfermeiro.com.br\/index.php\/wp-json\/wp\/v2\/users\/6"}],"replies":[{"embeddable":true,"href":"https:\/\/sindenfermeiro.com.br\/index.php\/wp-json\/wp\/v2\/comments?post=43934"}],"version-history":[{"count":1,"href":"https:\/\/sindenfermeiro.com.br\/index.php\/wp-json\/wp\/v2\/posts\/43934\/revisions"}],"predecessor-version":[{"id":43936,"href":"https:\/\/sindenfermeiro.com.br\/index.php\/wp-json\/wp\/v2\/posts\/43934\/revisions\/43936"}],"wp:featuredmedia":[{"embeddable":true,"href":"https:\/\/sindenfermeiro.com.br\/index.php\/wp-json\/wp\/v2\/media\/43935"}],"wp:attachment":[{"href":"https:\/\/sindenfermeiro.com.br\/index.php\/wp-json\/wp\/v2\/media?parent=43934"}],"wp:term":[{"taxonomy":"category","embeddable":true,"href":"https:\/\/sindenfermeiro.com.br\/index.php\/wp-json\/wp\/v2\/categories?post=43934"},{"taxonomy":"post_tag","embeddable":true,"href":"https:\/\/sindenfermeiro.com.br\/index.php\/wp-json\/wp\/v2\/tags?post=43934"}],"curies":[{"name":"wp","href":"https:\/\/api.w.org\/{rel}","templated":true}]}}