{"id":43904,"date":"2023-05-18T17:01:49","date_gmt":"2023-05-18T20:01:49","guid":{"rendered":"https:\/\/sindenfermeiro.com.br\/?p=43904"},"modified":"2026-04-29T13:06:32","modified_gmt":"2026-04-29T16:06:32","slug":"gt-da-saida-ou-permanencia-dos-servidores-iges-construira-edital","status":"publish","type":"post","link":"https:\/\/sindenfermeiro.com.br\/index.php\/2023\/05\/18\/gt-da-saida-ou-permanencia-dos-servidores-iges-construira-edital\/","title":{"rendered":"GT da sa\u00edda ou perman\u00eancia dos servidores cedidos ao IGES construir\u00e1 edital"},"content":{"rendered":"<p>O Grupo de Trabalho que regulamenta a sa\u00edda ou perman\u00eancia de servidores cedidos do Instituto de Gest\u00e3o em Sa\u00fade (IGES-DFF) reuniu-se ontem, 18, e decidiu que ser\u00e1 constru\u00eddo um edital que estabele\u00e7a a regulamenta\u00e7\u00e3o. O documento ser\u00e1 feito em duas etapas. A primeira ter\u00e1 como destaque os pontos importantes, com realoca\u00e7\u00e3o primeiro de servidores que se dispuserem a serem volunt\u00e1rios dentro da perspectiva de op\u00e7\u00f5es de lota\u00e7\u00f5es a serem definidas com anu\u00eancia do servidor.<\/p>\n<p>J\u00e1 a segunda etapa ser\u00e1 uma an\u00e1lise pormenorizada de cada situa\u00e7\u00e3o, leva em considera\u00e7\u00e3o a n\u00e3o descontinuidade da assist\u00eancia \u00e0 popula\u00e7\u00e3o. Al\u00e9m da an\u00e1lise de aspectos de servidores pr\u00f3ximos a aposentadoria, especialidades especificas, entre outros.<\/p>\n<p>A pr\u00f3xima reuni\u00e3o acontecer\u00e1 em aproximadamente 10 dias, para uma pr\u00e9-an\u00e1lise da minuta do edital que regulamenta a situa\u00e7\u00e3o descrita, e partir de ent\u00e3o para publica\u00e7\u00e3o, caso haja converg\u00eancia entre representantes de trabalhadores, gest\u00e3o e IGES.<\/p>\n<p>O diretor financeiro do Sindicato dos Enfermeiros do DF (SindEnfermeiro-DF), M\u00e1rcio da Mata, acompanhou a reuni\u00e3o que contou com a presen\u00e7a de representantes das entidades sindicais, de servidores da \u00e1rea da gest\u00e3o da Secretaria de Estado de Sa\u00fade do DF, da secret\u00e1ria Lucilene Florencio e do presidente do IGES-DF, Juraci<\/p>\n<p>O Sindicato dos Enfermeiros do DF (SindEnfermeiro-DF) ressalta que a reuni\u00e3o foi boa. Segundo a entidade h\u00e1 clara inten\u00e7\u00e3o de resolu\u00e7\u00e3o pac\u00edfica e n\u00e3o traum\u00e1tica por parte dos gestores.<\/p>\n","protected":false},"excerpt":{"rendered":"<p>O Grupo de Trabalho que regulamenta a sa\u00edda ou perman\u00eancia de servidores cedidos do Instituto de Gest\u00e3o em Sa\u00fade (IGES-DFF) reuniu-se ontem, 18, e decidiu que ser\u00e1 constru\u00eddo um edital que estabele\u00e7a a regulamenta\u00e7\u00e3o. O documento ser\u00e1 feito em duas etapas. A primeira ter\u00e1 como destaque os pontos importantes, com realoca\u00e7\u00e3o primeiro de servidores que [&hellip;]<\/p>\n","protected":false},"author":6,"featured_media":43905,"comment_status":"open","ping_status":"open","sticky":false,"template":"","format":"standard","meta":{"footnotes":""},"categories":[6],"tags":[],"class_list":["post-43904","post","type-post","status-publish","format-standard","has-post-thumbnail","hentry","category-noticias"],"_links":{"self":[{"href":"https:\/\/sindenfermeiro.com.br\/index.php\/wp-json\/wp\/v2\/posts\/43904","targetHints":{"allow":["GET"]}}],"collection":[{"href":"https:\/\/sindenfermeiro.com.br\/index.php\/wp-json\/wp\/v2\/posts"}],"about":[{"href":"https:\/\/sindenfermeiro.com.br\/index.php\/wp-json\/wp\/v2\/types\/post"}],"author":[{"embeddable":true,"href":"https:\/\/sindenfermeiro.com.br\/index.php\/wp-json\/wp\/v2\/users\/6"}],"replies":[{"embeddable":true,"href":"https:\/\/sindenfermeiro.com.br\/index.php\/wp-json\/wp\/v2\/comments?post=43904"}],"version-history":[{"count":2,"href":"https:\/\/sindenfermeiro.com.br\/index.php\/wp-json\/wp\/v2\/posts\/43904\/revisions"}],"predecessor-version":[{"id":43907,"href":"https:\/\/sindenfermeiro.com.br\/index.php\/wp-json\/wp\/v2\/posts\/43904\/revisions\/43907"}],"wp:featuredmedia":[{"embeddable":true,"href":"https:\/\/sindenfermeiro.com.br\/index.php\/wp-json\/wp\/v2\/media\/43905"}],"wp:attachment":[{"href":"https:\/\/sindenfermeiro.com.br\/index.php\/wp-json\/wp\/v2\/media?parent=43904"}],"wp:term":[{"taxonomy":"category","embeddable":true,"href":"https:\/\/sindenfermeiro.com.br\/index.php\/wp-json\/wp\/v2\/categories?post=43904"},{"taxonomy":"post_tag","embeddable":true,"href":"https:\/\/sindenfermeiro.com.br\/index.php\/wp-json\/wp\/v2\/tags?post=43904"}],"curies":[{"name":"wp","href":"https:\/\/api.w.org\/{rel}","templated":true}]}}