{"id":43901,"date":"2023-05-10T11:39:59","date_gmt":"2023-05-10T14:39:59","guid":{"rendered":"https:\/\/sindenfermeiro.com.br\/?p=43901"},"modified":"2026-04-29T14:11:22","modified_gmt":"2026-04-29T17:11:22","slug":"a-hora-e-a-vez-da-saude-bucal-no-sus","status":"publish","type":"post","link":"https:\/\/sindenfermeiro.com.br\/index.php\/2023\/05\/10\/a-hora-e-a-vez-da-saude-bucal-no-sus\/","title":{"rendered":"A hora e a vez da sa\u00fade bucal no SUS"},"content":{"rendered":"<p>O Sindicato dos Enfermeiros do DF sempre defendeu o fortalecimento do Sistema \u00danico de Sa\u00fade (SUS) e a amplia\u00e7\u00e3o dos seus servi\u00e7os para o povo brasileiro.<br \/>\nPor isso vem a p\u00fablico manifestar seu apoio \u00e0 lei que inclui a Pol\u00edtica Nacional de Sa\u00fade Bucal, tamb\u00e9m conhecida como Brasil Sorridente, na Lei Org\u00e2nica da Sa\u00fade.<\/p>\n<p>Desta forma \u00e9 uma vit\u00f3ria saber que o acesso ao atendimento odontol\u00f3gico no Sistema \u00danico de Sa\u00fade (SUS) se torna obrigat\u00f3rio e a sa\u00fade bucal passa a ser um direito de todos os brasileiros, garantido em forma de lei.<\/p>\n<p><img loading=\"lazy\" decoding=\"async\" class=\" wp-image-43902\" src=\"https:\/\/sindenfermeiro.com.br\/wp-content\/uploads\/2023\/05\/lula-brasil-sorridente-sus-300x179.jpg\" alt=\"\" width=\"560\" height=\"334\" srcset=\"https:\/\/sindenfermeiro.com.br\/wp-content\/uploads\/2023\/05\/lula-brasil-sorridente-sus-300x179.jpg 300w, https:\/\/sindenfermeiro.com.br\/wp-content\/uploads\/2023\/05\/lula-brasil-sorridente-sus-1024x613.jpg 1024w, https:\/\/sindenfermeiro.com.br\/wp-content\/uploads\/2023\/05\/lula-brasil-sorridente-sus-768x459.jpg 768w, https:\/\/sindenfermeiro.com.br\/wp-content\/uploads\/2023\/05\/lula-brasil-sorridente-sus-200x120.jpg 200w, https:\/\/sindenfermeiro.com.br\/wp-content\/uploads\/2023\/05\/lula-brasil-sorridente-sus.jpg 1170w\" sizes=\"auto, (max-width: 560px) 100vw, 560px\" \/><\/p>\n<p>A pol\u00edtica p\u00fablica \u00e9 uma prova concreta de que, quanto mais se oferta servi\u00e7o p\u00fablico no SUS, mais a valoriza\u00e7\u00e3o dos profissionais de sa\u00fade se faz necess\u00e1ria e vis\u00edvel pela popula\u00e7\u00e3o, que padece de atendimento de ponta e completo, ou seja, que atinja todos os problemas relacionados \u00e0 sa\u00fade, seja mental, bucal, sexual entre outros.<\/p>\n<p>A universaliza\u00e7\u00e3o da sa\u00fade bucal vem em boa hora e \u00e9 de extrema import\u00e2ncia. O \u00faltimo levantamento do Minist\u00e9rio da Sa\u00fade sobre o tema apontou 1,8 milh\u00e3o de crian\u00e7as necessitando de tratamento contra a c\u00e1rie dent\u00e1ria.<\/p>\n<p>Desse total, os filhos de fam\u00edlias carentes s\u00e3o os mais suscet\u00edveis \u00e0 doen\u00e7a, de acordo com um estudo da Universidade Federal de Pernambuco (UFPE). Problemas de sa\u00fade bucal est\u00e3o relacionados tamb\u00e9m com fator socioecon\u00f4mico, condi\u00e7\u00f5es prec\u00e1rias de infraestrutura, como saneamento b\u00e1sico, luz, \u00e1gua e coleta de lixo.<\/p>\n<p>A aus\u00eancia de servi\u00e7os essenciais do Estado contribu\u00ed de forma decisiva para o surgimento da c\u00e1rie dent\u00e1ria.<\/p>\n<p>Vale lembrar que O SUS atende mais de 190 milh\u00f5es de pessoas, sendo que 80% delas dependem, exclusivamente, da oferta de servi\u00e7os p\u00fablicos para qualquer atendimento de sa\u00fade.<\/p>\n","protected":false},"excerpt":{"rendered":"<p>O Sindicato dos Enfermeiros do DF sempre defendeu o fortalecimento do Sistema \u00danico de Sa\u00fade (SUS) e a amplia\u00e7\u00e3o dos seus servi\u00e7os para o povo brasileiro. Por isso vem a p\u00fablico manifestar seu apoio \u00e0 lei que inclui a Pol\u00edtica Nacional de Sa\u00fade Bucal, tamb\u00e9m conhecida como Brasil Sorridente, na Lei Org\u00e2nica da Sa\u00fade. Desta [&hellip;]<\/p>\n","protected":false},"author":6,"featured_media":43902,"comment_status":"open","ping_status":"open","sticky":false,"template":"","format":"standard","meta":{"footnotes":""},"categories":[6],"tags":[],"class_list":["post-43901","post","type-post","status-publish","format-standard","has-post-thumbnail","hentry","category-noticias"],"_links":{"self":[{"href":"https:\/\/sindenfermeiro.com.br\/index.php\/wp-json\/wp\/v2\/posts\/43901","targetHints":{"allow":["GET"]}}],"collection":[{"href":"https:\/\/sindenfermeiro.com.br\/index.php\/wp-json\/wp\/v2\/posts"}],"about":[{"href":"https:\/\/sindenfermeiro.com.br\/index.php\/wp-json\/wp\/v2\/types\/post"}],"author":[{"embeddable":true,"href":"https:\/\/sindenfermeiro.com.br\/index.php\/wp-json\/wp\/v2\/users\/6"}],"replies":[{"embeddable":true,"href":"https:\/\/sindenfermeiro.com.br\/index.php\/wp-json\/wp\/v2\/comments?post=43901"}],"version-history":[{"count":1,"href":"https:\/\/sindenfermeiro.com.br\/index.php\/wp-json\/wp\/v2\/posts\/43901\/revisions"}],"predecessor-version":[{"id":43903,"href":"https:\/\/sindenfermeiro.com.br\/index.php\/wp-json\/wp\/v2\/posts\/43901\/revisions\/43903"}],"wp:featuredmedia":[{"embeddable":true,"href":"https:\/\/sindenfermeiro.com.br\/index.php\/wp-json\/wp\/v2\/media\/43902"}],"wp:attachment":[{"href":"https:\/\/sindenfermeiro.com.br\/index.php\/wp-json\/wp\/v2\/media?parent=43901"}],"wp:term":[{"taxonomy":"category","embeddable":true,"href":"https:\/\/sindenfermeiro.com.br\/index.php\/wp-json\/wp\/v2\/categories?post=43901"},{"taxonomy":"post_tag","embeddable":true,"href":"https:\/\/sindenfermeiro.com.br\/index.php\/wp-json\/wp\/v2\/tags?post=43901"}],"curies":[{"name":"wp","href":"https:\/\/api.w.org\/{rel}","templated":true}]}}