{"id":43898,"date":"2023-05-02T11:39:39","date_gmt":"2023-05-02T14:39:39","guid":{"rendered":"https:\/\/sindenfermeiro.com.br\/?p=43898"},"modified":"2026-04-29T15:25:14","modified_gmt":"2026-04-29T18:25:14","slug":"servidores-da-ubs-7-de-samambaia-fazem-manifestacao-para-impedir-exoneracao-de-gerente-da-unidade","status":"publish","type":"post","link":"https:\/\/sindenfermeiro.com.br\/index.php\/2023\/05\/02\/servidores-da-ubs-7-de-samambaia-fazem-manifestacao-para-impedir-exoneracao-de-gerente-da-unidade\/","title":{"rendered":"SERVIDORES DA UBS 7 DE SAMAMBAIA FAZEM MANIFESTA\u00c7\u00c3O PARA IMPEDIR EXONERA\u00c7\u00c3O DE GERENTE DA UNIDADE"},"content":{"rendered":"<p>Na \u00faltima sexta-feira, dia 28, servidores da Unidade B\u00e1sica de Sa\u00fade (UBS) 07 de Samambaia realizaram um movimento de paralisa\u00e7\u00e3o das atividades, no per\u00edodo da manh\u00e3, devido a exonera\u00e7\u00e3o repentina da Gerente de Servi\u00e7os de Aten\u00e7\u00e3o Prim\u00e1ria (GSAP) da unidade. A mudan\u00e7a foi realizada sem justificativa e sem a observa\u00e7\u00e3o de qualquer crit\u00e9rio t\u00e9cnico. O objetivo do movimento dos servidores \u00e9 que a Secretaria de Sa\u00fade (SES) torne sem efeito a sa\u00edda da gestora.<\/p>\n<p>A equipe da unidade argumenta que a UBS 7 apresenta os melhores indicadores de sa\u00fade da regi\u00e3o e, por isso, n\u00e3o haveria motivos para a mudan\u00e7a da gest\u00e3o. Entre m\u00e9dicos, enfermeiros, farmac\u00eauticos, t\u00e9cnicos de enfermagem, dentistas, t\u00e9cnicos administrativos, agentes comunit\u00e1rios e demais servidores, \u00e9 consenso que a gestora organizou os processos de trabalho a unidade e conduziu de forma estritamente t\u00e9cnica os servi\u00e7os prestados \u00e0 popula\u00e7\u00e3o.<\/p>\n<p>Isso pode ser constatado atrav\u00e9s de alguns indicadores do QUALIS APS, como a quantidade de consultas pr\u00e9-natais; realiza\u00e7\u00e3o de exames para diagn\u00f3stico de s\u00edfilis e HIV; sa\u00fade bucal em gestantes; cobertura de vacina de p\u00f3lio e penta-valente em crian\u00e7as de at\u00e9 um ano; entre outros. Al\u00e9m disso, melhorias na estrutura f\u00edsica, fortalecimento das a\u00e7\u00f5es de Estrat\u00e9gia Sa\u00fade da Fam\u00edlia e do NASF junto \u00e0 comunidade, foram realizadas durante a gest\u00e3o que est\u00e1 sendo defendida pelos servidores.<\/p>\n<p>Na avalia\u00e7\u00e3o da equipe, esta movimenta\u00e7\u00e3o da SES cumpre um crit\u00e9rio exclusivamente pol\u00edtico, pois a Regi\u00e3o de Sa\u00fade Sudoeste vem passando por v\u00e1rias mudan\u00e7as. Muitas den\u00fancias de persegui\u00e7\u00e3o e ass\u00e9dio pol\u00edtico \u00e0s gest\u00f5es que possuem perfil t\u00e9cnico est\u00e3o chegando ao SindEnfermeiro. Como j\u00e1 afirmamos em outro artigo, mesmo com a crise permanente da sa\u00fade p\u00fablica do Distrito Federal (DF), a gest\u00e3o da SES parece criar mais barreiras para qualquer avan\u00e7o que sinalize uma organiza\u00e7\u00e3o m\u00ednima da rede assistencial.<\/p>\n<p>Estas a\u00e7\u00f5es, no atual cen\u00e1rio de crise da sa\u00fade p\u00fablica, afetam sobremaneira os processos de gest\u00e3o dos servi\u00e7os nos territ\u00f3rios, contribuindo com a piora no acesso da popula\u00e7\u00e3o \u00e0 assist\u00eancia em sa\u00fade. O SindEnfermeiro exige que as nomea\u00e7\u00f5es para os cargos de gest\u00e3o cumpram um crit\u00e9rio estritamente t\u00e9cnico. Por isso, refor\u00e7a a manifesta\u00e7\u00e3o dos servidos da UBS 7 de Samambaia contra as interfer\u00eancias pol\u00edticas nas unidades de sa\u00fade da SES.<\/p>\n<p>Vale ressaltar tamb\u00e9m, que servidores vem sofrendo amea\u00e7as de retalia\u00e7\u00e3o por conta da manifesta\u00e7\u00e3o realizada na sexta. O SindEnfermeiro-DF reconhece como leg\u00edtima a manifesta\u00e7\u00e3o de quase 60 trabalhadores da unidade e n\u00e3o aceitar\u00e1 amea\u00e7as aos profissionais que se dedicam a prestar assist\u00eancia \u00e0 popula\u00e7\u00e3o de Samambaia.<\/p>\n<p>&nbsp;<\/p>\n","protected":false},"excerpt":{"rendered":"<p>Na \u00faltima sexta-feira, dia 28, servidores da Unidade B\u00e1sica de Sa\u00fade (UBS) 07 de Samambaia realizaram um movimento de paralisa\u00e7\u00e3o das atividades, no per\u00edodo da manh\u00e3, devido a exonera\u00e7\u00e3o repentina da Gerente de Servi\u00e7os de Aten\u00e7\u00e3o Prim\u00e1ria (GSAP) da unidade. A mudan\u00e7a foi realizada sem justificativa e sem a observa\u00e7\u00e3o de qualquer crit\u00e9rio t\u00e9cnico. O [&hellip;]<\/p>\n","protected":false},"author":6,"featured_media":43899,"comment_status":"open","ping_status":"open","sticky":false,"template":"","format":"standard","meta":{"footnotes":""},"categories":[6],"tags":[],"class_list":["post-43898","post","type-post","status-publish","format-standard","has-post-thumbnail","hentry","category-noticias"],"_links":{"self":[{"href":"https:\/\/sindenfermeiro.com.br\/index.php\/wp-json\/wp\/v2\/posts\/43898","targetHints":{"allow":["GET"]}}],"collection":[{"href":"https:\/\/sindenfermeiro.com.br\/index.php\/wp-json\/wp\/v2\/posts"}],"about":[{"href":"https:\/\/sindenfermeiro.com.br\/index.php\/wp-json\/wp\/v2\/types\/post"}],"author":[{"embeddable":true,"href":"https:\/\/sindenfermeiro.com.br\/index.php\/wp-json\/wp\/v2\/users\/6"}],"replies":[{"embeddable":true,"href":"https:\/\/sindenfermeiro.com.br\/index.php\/wp-json\/wp\/v2\/comments?post=43898"}],"version-history":[{"count":1,"href":"https:\/\/sindenfermeiro.com.br\/index.php\/wp-json\/wp\/v2\/posts\/43898\/revisions"}],"predecessor-version":[{"id":43900,"href":"https:\/\/sindenfermeiro.com.br\/index.php\/wp-json\/wp\/v2\/posts\/43898\/revisions\/43900"}],"wp:featuredmedia":[{"embeddable":true,"href":"https:\/\/sindenfermeiro.com.br\/index.php\/wp-json\/wp\/v2\/media\/43899"}],"wp:attachment":[{"href":"https:\/\/sindenfermeiro.com.br\/index.php\/wp-json\/wp\/v2\/media?parent=43898"}],"wp:term":[{"taxonomy":"category","embeddable":true,"href":"https:\/\/sindenfermeiro.com.br\/index.php\/wp-json\/wp\/v2\/categories?post=43898"},{"taxonomy":"post_tag","embeddable":true,"href":"https:\/\/sindenfermeiro.com.br\/index.php\/wp-json\/wp\/v2\/tags?post=43898"}],"curies":[{"name":"wp","href":"https:\/\/api.w.org\/{rel}","templated":true}]}}