{"id":43880,"date":"2023-04-25T14:03:35","date_gmt":"2023-04-25T17:03:35","guid":{"rendered":"https:\/\/sindenfermeiro.com.br\/?p=43880"},"modified":"2026-04-29T14:15:57","modified_gmt":"2026-04-29T17:15:57","slug":"a-valorizacao-da-enfermagem-e-a-valvula-percussora-de-melhoria-da-saude-brasileira","status":"publish","type":"post","link":"https:\/\/sindenfermeiro.com.br\/index.php\/2023\/04\/25\/a-valorizacao-da-enfermagem-e-a-valvula-percussora-de-melhoria-da-saude-brasileira\/","title":{"rendered":"A valoriza\u00e7\u00e3o da enfermagem \u00e9 a v\u00e1lvula percussora de melhoria da sa\u00fade brasileira"},"content":{"rendered":"<p>O Piso Nacional da Enfermagem, por exemplo, \u00e9 reflexo do adoecimento da categoria. \u00c9 necess\u00e1rio ter a valoriza\u00e7\u00e3o para colocar o trabalhador num patamar m\u00ednimo de supera\u00e7\u00e3o dos problemas\u201d, disse o presidente do SindEnfermeiro-DF, Jorge Henrique, durante audi\u00eancia p\u00fablica na C\u00e2mara Legislativa.<\/p>\n<p><img loading=\"lazy\" decoding=\"async\" class=\"alignnone size-medium wp-image-43881\" src=\"https:\/\/sindenfermeiro.com.br\/wp-content\/uploads\/2023\/04\/WhatsApp-Image-2023-04-25-at-13.41.23-300x225.jpeg\" alt=\"\" width=\"300\" height=\"225\" srcset=\"https:\/\/sindenfermeiro.com.br\/wp-content\/uploads\/2023\/04\/WhatsApp-Image-2023-04-25-at-13.41.23-300x225.jpeg 300w, https:\/\/sindenfermeiro.com.br\/wp-content\/uploads\/2023\/04\/WhatsApp-Image-2023-04-25-at-13.41.23-1024x768.jpeg 1024w, https:\/\/sindenfermeiro.com.br\/wp-content\/uploads\/2023\/04\/WhatsApp-Image-2023-04-25-at-13.41.23-768x576.jpeg 768w, https:\/\/sindenfermeiro.com.br\/wp-content\/uploads\/2023\/04\/WhatsApp-Image-2023-04-25-at-13.41.23-1536x1152.jpeg 1536w, https:\/\/sindenfermeiro.com.br\/wp-content\/uploads\/2023\/04\/WhatsApp-Image-2023-04-25-at-13.41.23.jpeg 1600w\" sizes=\"auto, (max-width: 300px) 100vw, 300px\" \/><\/p>\n<p>O debate p\u00fablico da Comiss\u00e3o de Educa\u00e7\u00e3o, Sa\u00fade e Cultura intitulado de \u201cSa\u00fade para cuidar das pessoas e ampliar direitos e cidadania\u201d ocorreu ontem, foi em alus\u00e3o ao Dia Mundial da Sa\u00fade, e contou com o representante da entidade na composi\u00e7\u00e3o da mesa.<\/p>\n<p>Jorge, defendeu a valoriza\u00e7\u00e3o dos profissionais de sa\u00fade como v\u00e1lvula percussora de melhoria da sa\u00fade brasileira. Mas, tamb\u00e9m explicou que o uso das tecnologias pode trazer dados do territ\u00f3rio e sanar problemas assistenciais hoje enfrentados por profissionais da \u00e1rea.<\/p>\n<p><img loading=\"lazy\" decoding=\"async\" class=\"alignnone size-medium wp-image-43886\" src=\"https:\/\/sindenfermeiro.com.br\/wp-content\/uploads\/2023\/04\/WhatsApp-Image-2023-04-25-at-14.02.03-300x200.jpeg\" alt=\"\" width=\"300\" height=\"200\" srcset=\"https:\/\/sindenfermeiro.com.br\/wp-content\/uploads\/2023\/04\/WhatsApp-Image-2023-04-25-at-14.02.03-300x200.jpeg 300w, https:\/\/sindenfermeiro.com.br\/wp-content\/uploads\/2023\/04\/WhatsApp-Image-2023-04-25-at-14.02.03-768x512.jpeg 768w, https:\/\/sindenfermeiro.com.br\/wp-content\/uploads\/2023\/04\/WhatsApp-Image-2023-04-25-at-14.02.03.jpeg 1024w\" sizes=\"auto, (max-width: 300px) 100vw, 300px\" \/><\/p>\n<p>J\u00e1 para a representante de usu\u00e1rios do SUS, Vera L\u00facia Bezerra, enquanto n\u00e3o nos conscientizarmos que o problema \u00e9 de todos, nada vai mudar. Segundo ela, at\u00e9 quem usa a rede privada tem a ver com o SUS. \u201cO problema envolve todos os brasileiros\u201d, afirmou.<\/p>\n<p><img loading=\"lazy\" decoding=\"async\" class=\"alignnone size-medium wp-image-43884\" src=\"https:\/\/sindenfermeiro.com.br\/wp-content\/uploads\/2023\/04\/WhatsApp-Image-2023-04-25-at-14.01.14-300x200.jpeg\" alt=\"\" width=\"300\" height=\"200\" srcset=\"https:\/\/sindenfermeiro.com.br\/wp-content\/uploads\/2023\/04\/WhatsApp-Image-2023-04-25-at-14.01.14-300x200.jpeg 300w, https:\/\/sindenfermeiro.com.br\/wp-content\/uploads\/2023\/04\/WhatsApp-Image-2023-04-25-at-14.01.14-1024x682.jpeg 1024w, https:\/\/sindenfermeiro.com.br\/wp-content\/uploads\/2023\/04\/WhatsApp-Image-2023-04-25-at-14.01.14-768x512.jpeg 768w, https:\/\/sindenfermeiro.com.br\/wp-content\/uploads\/2023\/04\/WhatsApp-Image-2023-04-25-at-14.01.14-1536x1023.jpeg 1536w, https:\/\/sindenfermeiro.com.br\/wp-content\/uploads\/2023\/04\/WhatsApp-Image-2023-04-25-at-14.01.14.jpeg 1600w\" sizes=\"auto, (max-width: 300px) 100vw, 300px\" \/><\/p>\n<p>A deputada distrital Dayse Amarilio (PSB) explicou que falta planejamento na \u00e1rea. Em 2021 foram deixados para tr\u00e1s meio bilh\u00e3o de reias que eram para ser investido na sa\u00fade. Ela comentou ainda que o investimento n\u00e3o \u00e9 proporcional ao incremento do Fundo Constitucional do DF, pois o recurso aumentou, mas o investimento na sa\u00fade diminuiu. &#8220;Este ano, a previs\u00e3o de destina\u00e7\u00e3o de recursos ser\u00e1 menor do que dos anos anteriores&#8221;, completou.<\/p>\n<p><img loading=\"lazy\" decoding=\"async\" class=\"alignnone size-medium wp-image-43883\" src=\"https:\/\/sindenfermeiro.com.br\/wp-content\/uploads\/2023\/04\/WhatsApp-Image-2023-04-25-at-14.00.02-300x200.jpeg\" alt=\"\" width=\"300\" height=\"200\" srcset=\"https:\/\/sindenfermeiro.com.br\/wp-content\/uploads\/2023\/04\/WhatsApp-Image-2023-04-25-at-14.00.02-300x200.jpeg 300w, https:\/\/sindenfermeiro.com.br\/wp-content\/uploads\/2023\/04\/WhatsApp-Image-2023-04-25-at-14.00.02-1024x682.jpeg 1024w, https:\/\/sindenfermeiro.com.br\/wp-content\/uploads\/2023\/04\/WhatsApp-Image-2023-04-25-at-14.00.02-768x512.jpeg 768w, https:\/\/sindenfermeiro.com.br\/wp-content\/uploads\/2023\/04\/WhatsApp-Image-2023-04-25-at-14.00.02-1536x1023.jpeg 1536w, https:\/\/sindenfermeiro.com.br\/wp-content\/uploads\/2023\/04\/WhatsApp-Image-2023-04-25-at-14.00.02.jpeg 1600w\" sizes=\"auto, (max-width: 300px) 100vw, 300px\" \/><\/p>\n<p>A conselheira de sa\u00fade, Jeovania Silva, denunciou que o maior obst\u00e1culo da sa\u00fade \u00e9 o acesso a aten\u00e7\u00e3o prim\u00e1ria. Para ela, tamb\u00e9m h\u00e1 um grande desafio: fazer pol\u00edtica para pessoas e n\u00e3o para partidos ou pol\u00edticos.<\/p>\n<p><img loading=\"lazy\" decoding=\"async\" class=\"alignnone size-medium wp-image-43882\" src=\"https:\/\/sindenfermeiro.com.br\/wp-content\/uploads\/2023\/04\/WhatsApp-Image-2023-04-25-at-13.59.54-300x200.jpeg\" alt=\"\" width=\"300\" height=\"200\" srcset=\"https:\/\/sindenfermeiro.com.br\/wp-content\/uploads\/2023\/04\/WhatsApp-Image-2023-04-25-at-13.59.54-300x200.jpeg 300w, https:\/\/sindenfermeiro.com.br\/wp-content\/uploads\/2023\/04\/WhatsApp-Image-2023-04-25-at-13.59.54-1024x682.jpeg 1024w, https:\/\/sindenfermeiro.com.br\/wp-content\/uploads\/2023\/04\/WhatsApp-Image-2023-04-25-at-13.59.54-768x512.jpeg 768w, https:\/\/sindenfermeiro.com.br\/wp-content\/uploads\/2023\/04\/WhatsApp-Image-2023-04-25-at-13.59.54-1536x1023.jpeg 1536w, https:\/\/sindenfermeiro.com.br\/wp-content\/uploads\/2023\/04\/WhatsApp-Image-2023-04-25-at-13.59.54.jpeg 1600w\" sizes=\"auto, (max-width: 300px) 100vw, 300px\" \/><\/p>\n<p>Durante a reuni\u00e3o tamb\u00e9m foi questionado por todos que comporam a mesa o d\u00e9fict de servidores na sa\u00fade, que vem resultando no absente\u00edsmo e gerando problemas mentais nos servidores.<\/p>\n","protected":false},"excerpt":{"rendered":"<p>O Piso Nacional da Enfermagem, por exemplo, \u00e9 reflexo do adoecimento da categoria. \u00c9 necess\u00e1rio ter a valoriza\u00e7\u00e3o para colocar o trabalhador num patamar m\u00ednimo de supera\u00e7\u00e3o dos problemas\u201d, disse o presidente do SindEnfermeiro-DF, Jorge Henrique, durante audi\u00eancia p\u00fablica na C\u00e2mara Legislativa. O debate p\u00fablico da Comiss\u00e3o de Educa\u00e7\u00e3o, Sa\u00fade e Cultura intitulado de \u201cSa\u00fade [&hellip;]<\/p>\n","protected":false},"author":6,"featured_media":43881,"comment_status":"open","ping_status":"open","sticky":false,"template":"","format":"standard","meta":{"footnotes":""},"categories":[6],"tags":[],"class_list":["post-43880","post","type-post","status-publish","format-standard","has-post-thumbnail","hentry","category-noticias"],"_links":{"self":[{"href":"https:\/\/sindenfermeiro.com.br\/index.php\/wp-json\/wp\/v2\/posts\/43880","targetHints":{"allow":["GET"]}}],"collection":[{"href":"https:\/\/sindenfermeiro.com.br\/index.php\/wp-json\/wp\/v2\/posts"}],"about":[{"href":"https:\/\/sindenfermeiro.com.br\/index.php\/wp-json\/wp\/v2\/types\/post"}],"author":[{"embeddable":true,"href":"https:\/\/sindenfermeiro.com.br\/index.php\/wp-json\/wp\/v2\/users\/6"}],"replies":[{"embeddable":true,"href":"https:\/\/sindenfermeiro.com.br\/index.php\/wp-json\/wp\/v2\/comments?post=43880"}],"version-history":[{"count":1,"href":"https:\/\/sindenfermeiro.com.br\/index.php\/wp-json\/wp\/v2\/posts\/43880\/revisions"}],"predecessor-version":[{"id":43887,"href":"https:\/\/sindenfermeiro.com.br\/index.php\/wp-json\/wp\/v2\/posts\/43880\/revisions\/43887"}],"wp:featuredmedia":[{"embeddable":true,"href":"https:\/\/sindenfermeiro.com.br\/index.php\/wp-json\/wp\/v2\/media\/43881"}],"wp:attachment":[{"href":"https:\/\/sindenfermeiro.com.br\/index.php\/wp-json\/wp\/v2\/media?parent=43880"}],"wp:term":[{"taxonomy":"category","embeddable":true,"href":"https:\/\/sindenfermeiro.com.br\/index.php\/wp-json\/wp\/v2\/categories?post=43880"},{"taxonomy":"post_tag","embeddable":true,"href":"https:\/\/sindenfermeiro.com.br\/index.php\/wp-json\/wp\/v2\/tags?post=43880"}],"curies":[{"name":"wp","href":"https:\/\/api.w.org\/{rel}","templated":true}]}}