{"id":43875,"date":"2023-04-10T16:18:47","date_gmt":"2023-04-10T19:18:47","guid":{"rendered":"https:\/\/sindenfermeiro.com.br\/?p=43875"},"modified":"2026-04-29T15:22:46","modified_gmt":"2026-04-29T18:22:46","slug":"ate-onde-vai-a-interferencia-politica-na-gestao-da-ses-df","status":"publish","type":"post","link":"https:\/\/sindenfermeiro.com.br\/index.php\/2023\/04\/10\/ate-onde-vai-a-interferencia-politica-na-gestao-da-ses-df\/","title":{"rendered":"At\u00e9 onde vai a interfer\u00eancia pol\u00edtica na gest\u00e3o da SES DF?"},"content":{"rendered":"<p><em>Por Jorge Henrique e Ursula Nepomoceno<\/em><\/p>\n<div id=\"attachment_43876\" style=\"width: 309px\" class=\"wp-caption alignnone\"><img loading=\"lazy\" decoding=\"async\" aria-describedby=\"caption-attachment-43876\" class=\"size-full wp-image-43876\" src=\"https:\/\/sindenfermeiro.com.br\/wp-content\/uploads\/2023\/04\/download.jpg\" alt=\"Foto divulga\u00e7\u00e3o G1\" width=\"299\" height=\"168\" \/><p id=\"caption-attachment-43876\" class=\"wp-caption-text\">Foto divulga\u00e7\u00e3o G1<\/p><\/div>\n<p>A crise da sa\u00fade p\u00fablica no Distrito Federal (DF) parece n\u00e3o ter fim. Falta de m\u00e9dicos e profissionais da Enfermagem; infraestrutura dos hospitais e unidades b\u00e1sicas de sa\u00fade (UBS) deteriorada; n\u00famero de UBS\u2019s e estrutura f\u00edsica insuficientes para comportar os profissionais; equipes de sa\u00fade da fam\u00edlia pressionadas pelas demandas espont\u00e2neas emergenciais; inexist\u00eancia de UBSs e equipes em uma parte consider\u00e1vel dos territ\u00f3rios do DF.<\/p>\n<p>O Instituto de Gest\u00e3o Estrat\u00e9gica do DF (IGESDF) n\u00e3o se consolidou como instrumento eficaz de gest\u00e3o. \u00c9 inequ\u00edvoco o processo de fragmenta\u00e7\u00e3o da rede assistencial p\u00fablica. O sistema de refer\u00eancia e contrarrefer\u00eancia foi comprometido, a alta complexidade n\u00e3o consegue drenar as demandas por especialidades, as Unidades de Pronto Atendimento (UPA\u2019s) n\u00e3o cumprem sua fun\u00e7\u00e3o e est\u00e3o abarrotadas de pacientes graves, e as UBSs t\u00eam absorvido uma parte expressiva das demandas emergenciais da rede.<\/p>\n<p>N\u00e3o bastassem os problemas j\u00e1 mencionados, a gest\u00e3o parece criar mais barreiras para qualquer avan\u00e7o que sinalize uma organiza\u00e7\u00e3o m\u00ednima da rede assistencial. Em que pese as iniciativas das \u00e1reas t\u00e9cnicas da Secretaria de Sa\u00fade, as quais apresentam servidores capacitados e comprometidos com o desenvolvimento de a\u00e7\u00f5es e pol\u00edticas para a sa\u00fade p\u00fablica, as interfer\u00eancias pol\u00edticas t\u00eam se colocado na contram\u00e3o desse processo de organiza\u00e7\u00e3o.<\/p>\n<p>S\u00e3o in\u00fameras as den\u00fancias sobre a influ\u00eancia pol\u00edtica de deputados da base do Governo do DF (GDF) na SES, aparelhamento pol\u00edtico das unidades das regi\u00f5es de sa\u00fade, indica\u00e7\u00f5es pol\u00edticas para os cargos de gest\u00e3o sem ado\u00e7\u00e3o de crit\u00e9rios t\u00e9cnicos, troca de favores, venda de consultas e procedimentos, atos administrativos \u00e0 revelia, sem a observ\u00e2ncia \u00e0s normas da pr\u00f3pria secretaria de sa\u00fade. De antem\u00e3o, afirmamos que estas den\u00fancias n\u00e3o s\u00e3o provas de atos il\u00edcitos, mas avaliamos que \u00e9 necess\u00e1rio que sejam apuradas pelos \u00f3rg\u00e3os competentes.<\/p>\n<p>No ano de 2022, ap\u00f3s o GDF ter revogado o Decreto n\u00ba 40.924, que estabelecia o estado de calamidade p\u00fablica pela pandemia de Covid-19 na capital federal, o SindEnfermeiro DF realizou uma s\u00e9rie de reuni\u00f5es com a SES DF com o intuito de organizar a for\u00e7a de trabalho dos Enfermeiros Obstetras e de Fam\u00edlia e Comunidade &#8211; lotados em hospitais durante a pandemia &#8211; para atuarem nos centros obst\u00e9tricos e no \u00e2mbito da Aten\u00e7\u00e3o Prim\u00e1ria em Sa\u00fade (APS).<\/p>\n<p>Como parte dessa iniciativa, a SES publicou a Circular n.\u00ba 33\/2022 &#8211; SES\/SUGEP, de 02 de agosto de 2022, proibindo a remo\u00e7\u00e3o interna de Enfermeiros Generalistas para a APS, at\u00e9 que os Enfermeiros obstetras e de Fam\u00edlia e comunidade pudessem ser lotados em unidades preconizadas pelo edital de concurso espec\u00edfico. O Sindicato reconhece que a SES iniciou o processo de remo\u00e7\u00e3o destes servidores para o n\u00edvel de aten\u00e7\u00e3o, mas, no \u00faltimo per\u00edodo, o SindEnfermeiro vem recebendo uma s\u00e9rie de den\u00fancias sobre o descumprimento da Circular n.\u00ba 33\/2022 por partes de gestores.<\/p>\n<p>Para o Sindicato, n\u00e3o se trata apenas de um simples ato administrativo de remo\u00e7\u00e3o interna. A organiza\u00e7\u00e3o dos Enfermeiros Obstetras e de Fam\u00edlia e Comunidade pode contribuir com a organiza\u00e7\u00e3o da rede assistencial de sa\u00fade, considerando que essa for\u00e7a de trabalho \u00e9 especializada e pode prestar atendimento qualificado para a popula\u00e7\u00e3o do DF. Outrossim, a estrat\u00e9gia sa\u00fade da fam\u00edlia ainda n\u00e3o \u00e9 uma realidade no DF. S\u00e3o in\u00fameras \u00e1reas com vazios assistenciais, territorializa\u00e7\u00e3o inacabada e n\u00famero insuficiente de equipes, o que proporciona uma intensa sobrecarga nos servidores da APS. Al\u00e9m do mais, muitos Enfermeiros generalistas do concurso de 2022 est\u00e3o aguardando a nomea\u00e7\u00e3o para os n\u00edveis secund\u00e1rio e terci\u00e1rio de aten\u00e7\u00e3o \u00e0 sa\u00fade.<\/p>\n<p>O SindEnfermeiro n\u00e3o compactua com interfer\u00eancias pol\u00edticas na SES. A popula\u00e7\u00e3o vem sofrendo com a falta de atendimento na rede assistencial. A atual crise da sa\u00fade, caracterizada pela falta de leitos pedi\u00e1tricos, exige que a gest\u00e3o da sa\u00fade p\u00fablica do DF seja t\u00e9cnica e eficiente. Os cargos comissionados, portanto, n\u00e3o podem servir de moeda de troca ou favorecimento pol\u00edtico. \u00c9 preciso que a SES invista na qualifica\u00e7\u00e3o dos servidores, na amplia\u00e7\u00e3o das unidades de sa\u00fade e na organiza\u00e7\u00e3o da rede assistencial para superar essa crise.<\/p>\n<p>Por isso, exigimos a suspens\u00e3o de atos administrativos de remo\u00e7\u00e3o interna, a crit\u00e9rio da administra\u00e7\u00e3o, de profissionais Enfermeiros Generalistas para a Aten\u00e7\u00e3o Prim\u00e1ria, at\u00e9 que se observem os crit\u00e9rios de lota\u00e7\u00e3o de Enfermeiros Obstetras e Enfermeiros de Fam\u00edlia e comunidade!<\/p>\n<p>&nbsp;<\/p>\n<p>&nbsp;<\/p>\n<p>&nbsp;<\/p>\n","protected":false},"excerpt":{"rendered":"<p>Por Jorge Henrique e Ursula Nepomoceno A crise da sa\u00fade p\u00fablica no Distrito Federal (DF) parece n\u00e3o ter fim. Falta de m\u00e9dicos e profissionais da Enfermagem; infraestrutura dos hospitais e unidades b\u00e1sicas de sa\u00fade (UBS) deteriorada; n\u00famero de UBS\u2019s e estrutura f\u00edsica insuficientes para comportar os profissionais; equipes de sa\u00fade da fam\u00edlia pressionadas pelas demandas [&hellip;]<\/p>\n","protected":false},"author":6,"featured_media":43877,"comment_status":"open","ping_status":"open","sticky":false,"template":"","format":"standard","meta":{"footnotes":""},"categories":[6],"tags":[],"class_list":["post-43875","post","type-post","status-publish","format-standard","has-post-thumbnail","hentry","category-noticias"],"_links":{"self":[{"href":"https:\/\/sindenfermeiro.com.br\/index.php\/wp-json\/wp\/v2\/posts\/43875","targetHints":{"allow":["GET"]}}],"collection":[{"href":"https:\/\/sindenfermeiro.com.br\/index.php\/wp-json\/wp\/v2\/posts"}],"about":[{"href":"https:\/\/sindenfermeiro.com.br\/index.php\/wp-json\/wp\/v2\/types\/post"}],"author":[{"embeddable":true,"href":"https:\/\/sindenfermeiro.com.br\/index.php\/wp-json\/wp\/v2\/users\/6"}],"replies":[{"embeddable":true,"href":"https:\/\/sindenfermeiro.com.br\/index.php\/wp-json\/wp\/v2\/comments?post=43875"}],"version-history":[{"count":1,"href":"https:\/\/sindenfermeiro.com.br\/index.php\/wp-json\/wp\/v2\/posts\/43875\/revisions"}],"predecessor-version":[{"id":43878,"href":"https:\/\/sindenfermeiro.com.br\/index.php\/wp-json\/wp\/v2\/posts\/43875\/revisions\/43878"}],"wp:featuredmedia":[{"embeddable":true,"href":"https:\/\/sindenfermeiro.com.br\/index.php\/wp-json\/wp\/v2\/media\/43877"}],"wp:attachment":[{"href":"https:\/\/sindenfermeiro.com.br\/index.php\/wp-json\/wp\/v2\/media?parent=43875"}],"wp:term":[{"taxonomy":"category","embeddable":true,"href":"https:\/\/sindenfermeiro.com.br\/index.php\/wp-json\/wp\/v2\/categories?post=43875"},{"taxonomy":"post_tag","embeddable":true,"href":"https:\/\/sindenfermeiro.com.br\/index.php\/wp-json\/wp\/v2\/tags?post=43875"}],"curies":[{"name":"wp","href":"https:\/\/api.w.org\/{rel}","templated":true}]}}