{"id":43865,"date":"2023-03-22T11:00:16","date_gmt":"2023-03-22T14:00:16","guid":{"rendered":"https:\/\/sindenfermeiro.com.br\/?p=43865"},"modified":"2026-04-29T14:11:22","modified_gmt":"2026-04-29T17:11:22","slug":"enfermeiros-do-df-estarao-presente-em-ato-do-dia-29","status":"publish","type":"post","link":"https:\/\/sindenfermeiro.com.br\/index.php\/2023\/03\/22\/enfermeiros-do-df-estarao-presente-em-ato-do-dia-29\/","title":{"rendered":"Enfermeiros do DF estar\u00e3o presente em ato do dia 29"},"content":{"rendered":"<p><img loading=\"lazy\" decoding=\"async\" class=\"alignnone size-medium wp-image-43866\" src=\"https:\/\/sindenfermeiro.com.br\/wp-content\/uploads\/2023\/03\/WhatsApp-Image-2023-03-22-at-10.48.46-300x169.jpeg\" alt=\"\" width=\"300\" height=\"169\" srcset=\"https:\/\/sindenfermeiro.com.br\/wp-content\/uploads\/2023\/03\/WhatsApp-Image-2023-03-22-at-10.48.46-300x169.jpeg 300w, https:\/\/sindenfermeiro.com.br\/wp-content\/uploads\/2023\/03\/WhatsApp-Image-2023-03-22-at-10.48.46-1024x576.jpeg 1024w, https:\/\/sindenfermeiro.com.br\/wp-content\/uploads\/2023\/03\/WhatsApp-Image-2023-03-22-at-10.48.46-768x432.jpeg 768w, https:\/\/sindenfermeiro.com.br\/wp-content\/uploads\/2023\/03\/WhatsApp-Image-2023-03-22-at-10.48.46-1536x864.jpeg 1536w, https:\/\/sindenfermeiro.com.br\/wp-content\/uploads\/2023\/03\/WhatsApp-Image-2023-03-22-at-10.48.46.jpeg 1600w\" sizes=\"auto, (max-width: 300px) 100vw, 300px\" \/><\/p>\n<p>As enfermeiras e os enfermeiros v\u00e3o aderir ao ato nacional do dia 29 de mar\u00e7o em defesa do pagamento do Piso Nacional de Enfermagem. Esta foi a decis\u00e3o da categoria durante assembleia para deliberar sobre a participa\u00e7\u00e3o na mobiliza\u00e7\u00e3o convocada pelo F\u00f3rum Nacional da Enfermagem.<\/p>\n<p>O ato ser\u00e1 realizado na Pra\u00e7a das Bandeiras, na Espanada dos Minist\u00e9rios, que fica em frente ao Congresso Nacional, com concentra\u00e7\u00e3o a partir das 10h. O presidente do Sindicato dos Enfermeiros do Distrito Federal (SindEnfermeiro-DF), Jorge Henrique, explica que vir\u00e3o caravanas de todo o Brasil exigir celeridade do governo para assinar a Medida Provis\u00f3ria do Piso Salarial da Enfermagem. \u201cN\u00e3o se faz mobiliza\u00e7\u00e3o de forma virtual, infelizmente. A enfermagem tem que mostrar a sua for\u00e7a e a uni\u00e3o neste momento\u201d, disse Jorge Henrique.<\/p>\n<p>A assembleia contou com a participa\u00e7\u00e3o de 50 enfermeiras e enfermeiros, foi de forma virtual e durou aproximadamente cerca de 1 hora. Durante o encontro, Jorge Henrique aproveitou para atualizar a categoria acerca das \u00faltimas not\u00edcias sobre o Piso Salarial da Enfermagem e tirar as d\u00favidas dos sindicalizados presentes.<\/p>\n<p>Um assunto que foi pautado na assembleia foi a recente vit\u00f3ria do SindEnfermeiro-DF na Justi\u00e7a. A entidade ganhou liminar que obriga o Sindicato Brasiliense de Hospitais, Casas de Sa\u00fade e Cl\u00ednicas (SBH) a orientar os sindicalizados a pagarem o Piso Salarial da Enfermagem, no m\u00eas de agosto de 2022, per\u00edodo em que o sal\u00e1rio ficou vigente &#8211; antes da suspens\u00e3o realizada pelo Supremo Tribunal Federal (STF).<\/p>\n<p>O SindEnfermeiro-DF lembrou que esta \u00e9 s\u00f3 uma das a\u00e7\u00f5es que a entidade est\u00e1 fazendo para que, finalmente, o piso esteja de fato no contracheque dos profissionais da enfermagem de todo o Brasil.<\/p>\n","protected":false},"excerpt":{"rendered":"<p>As enfermeiras e os enfermeiros v\u00e3o aderir ao ato nacional do dia 29 de mar\u00e7o em defesa do pagamento do Piso Nacional de Enfermagem. Esta foi a decis\u00e3o da categoria durante assembleia para deliberar sobre a participa\u00e7\u00e3o na mobiliza\u00e7\u00e3o convocada pelo F\u00f3rum Nacional da Enfermagem. O ato ser\u00e1 realizado na Pra\u00e7a das Bandeiras, na Espanada [&hellip;]<\/p>\n","protected":false},"author":6,"featured_media":43866,"comment_status":"open","ping_status":"open","sticky":false,"template":"","format":"standard","meta":{"footnotes":""},"categories":[6],"tags":[],"class_list":["post-43865","post","type-post","status-publish","format-standard","has-post-thumbnail","hentry","category-noticias"],"_links":{"self":[{"href":"https:\/\/sindenfermeiro.com.br\/index.php\/wp-json\/wp\/v2\/posts\/43865","targetHints":{"allow":["GET"]}}],"collection":[{"href":"https:\/\/sindenfermeiro.com.br\/index.php\/wp-json\/wp\/v2\/posts"}],"about":[{"href":"https:\/\/sindenfermeiro.com.br\/index.php\/wp-json\/wp\/v2\/types\/post"}],"author":[{"embeddable":true,"href":"https:\/\/sindenfermeiro.com.br\/index.php\/wp-json\/wp\/v2\/users\/6"}],"replies":[{"embeddable":true,"href":"https:\/\/sindenfermeiro.com.br\/index.php\/wp-json\/wp\/v2\/comments?post=43865"}],"version-history":[{"count":1,"href":"https:\/\/sindenfermeiro.com.br\/index.php\/wp-json\/wp\/v2\/posts\/43865\/revisions"}],"predecessor-version":[{"id":43867,"href":"https:\/\/sindenfermeiro.com.br\/index.php\/wp-json\/wp\/v2\/posts\/43865\/revisions\/43867"}],"wp:featuredmedia":[{"embeddable":true,"href":"https:\/\/sindenfermeiro.com.br\/index.php\/wp-json\/wp\/v2\/media\/43866"}],"wp:attachment":[{"href":"https:\/\/sindenfermeiro.com.br\/index.php\/wp-json\/wp\/v2\/media?parent=43865"}],"wp:term":[{"taxonomy":"category","embeddable":true,"href":"https:\/\/sindenfermeiro.com.br\/index.php\/wp-json\/wp\/v2\/categories?post=43865"},{"taxonomy":"post_tag","embeddable":true,"href":"https:\/\/sindenfermeiro.com.br\/index.php\/wp-json\/wp\/v2\/tags?post=43865"}],"curies":[{"name":"wp","href":"https:\/\/api.w.org\/{rel}","templated":true}]}}